{"id":1898,"date":"2022-05-17T12:20:47","date_gmt":"2022-05-17T12:20:47","guid":{"rendered":"https:\/\/cajochy.com\/?p=1898"},"modified":"2023-02-12T08:36:38","modified_gmt":"2023-02-12T08:36:38","slug":"can-albinos-dye-their-hair","status":"publish","type":"post","link":"https:\/\/cajochy.com\/tr\/can-albinos-dye-their-hair\/","title":{"rendered":"Albinolar Sa\u00e7lar\u0131n\u0131 Boyayabilir mi? Evet, \u0130\u015fte \u00d6\u011fretici"},"content":{"rendered":"<p>Sa\u00e7 boyas\u0131 denilince akla gelen bir soru da \u201cAlbinolar sa\u00e7lar\u0131n\u0131 boyayabilir mi?\u201d Albino insanlar, albino olmayan insanlardan farkl\u0131 biyolojik \u00f6zelliklere sahiptir.<\/p>\n<h2>Albinolar Sa\u00e7lar\u0131n\u0131 Boyayabilir mi?<\/h2>\n<p>Ger\u00e7ek \u015fu ki, Evet. Genel olarak albinolar ger\u00e7ekten de sa\u00e7lar\u0131n\u0131 boyayabilirler. Ancak boyama i\u015flemi, albinolar\u0131n sa\u00e7lar\u0131n\u0131 boyamadan \u00f6nce dikkate almalar\u0131 gereken baz\u0131 komplikasyonlara sahiptir.<\/p>\n<p>\u201cAlbinizmliler sa\u00e7lar\u0131n\u0131 boyayabilir mi?\u201d \u00f6nce boyama s\u00fcrecini ve bu pigmentasyon eksikli\u011fi olan insanlara ne yapt\u0131\u011f\u0131n\u0131 d\u00fc\u015f\u00fcnmelisiniz.<\/p>\n<p>Pigmente melanin denir. Genel olarak sa\u00e7\u0131n\u0131zda, g\u00f6zlerinizde ve cildinizde bulunur. Melanin, ki\u015finin sa\u00e7\u0131nda ve cildinde ne kadar pigment bulundu\u011funa ba\u011fl\u0131 olarak insanlar\u0131 a\u00e7\u0131k tenli, kahverengi tenli veya siyah tenli yapar.<\/p>\n<p>Albino sa\u00e7ta melanin bulunmad\u0131\u011f\u0131ndan, bu albino sa\u00e7\u0131n sa\u00e7 boyas\u0131 renklerini emmesini kolayla\u015ft\u0131r\u0131r. Sorun \u015fu ki, albino cildi olduk\u00e7a hassast\u0131r, bu nedenle hafif bir sa\u00e7 boyas\u0131 bile albino cildinin olumsuz tepki vermesine neden olabilir.&nbsp;<\/p>\n<h2>Bir Albino Sa\u00e7\u0131 Nas\u0131l Boyayabilir?&nbsp;<\/h2>\n<p>Bir albinonun sa\u00e7\u0131n\u0131 boyamas\u0131na izin vermenin anahtar\u0131, hassas sa\u00e7 ve cilt i\u00e7in uygun bir sa\u00e7 boyas\u0131 se\u00e7mektir. Sa\u00e7 boyas\u0131 tolere edilebilirse albinolar\u0131n sa\u00e7lar\u0131n\u0131 nas\u0131l boyayaca\u011f\u0131 gibi bir sorun da olmaz.&nbsp;<\/p>\n<p>Albino ki\u015finin derisi (kafa derisi dahil) sa\u00e7 boyas\u0131na, \u00f6zellikle kal\u0131c\u0131 sa\u00e7 boyalar\u0131na kar\u015f\u0131 reaksiyon geli\u015ftirirse sorunlar ortaya \u00e7\u0131kacakt\u0131r. Albino sa\u00e7 olduk\u00e7a ince ve narin oldu\u011fu i\u00e7in sa\u00e7 boyas\u0131 da albino sa\u00e7 \u00fczerinde olumsuz bir etkiye neden olabilir. Bu arada, al\u0131rken de dikkatli olmal\u0131s\u0131n. <a href=\"https:\/\/cajochy.com\/tr\/dye-hair-with-food-coloring\/\">g\u0131da boyas\u0131 ile sa\u00e7 boyamak<\/a>.&nbsp;<\/p>\n<p>Albinolar\u0131n sa\u00e7lar\u0131nda, g\u00f6zlerinde ve derilerinde melanin eksikli\u011fi olabilir veya melanin seviyeleri d\u00fc\u015f\u00fck olabilir. Bu, albinolar\u0131n sa\u00e7 boyas\u0131n\u0131 ne kadar tolere edebilece\u011fini ve tedaviden sonra sa\u00e7lar\u0131n\u0131n son g\u00f6r\u00fcn\u00fcm\u00fcn\u00fc etkileyebilir.<\/p>\n<h2>Albino Sa\u00e7lar\u0131 Evde Nas\u0131l Boyan\u0131r?&nbsp;<\/h2>\n<p>Bir albinonun sa\u00e7\u0131n\u0131 nas\u0131l boyayabilece\u011fini d\u00fc\u015f\u00fcnen bir albino iseniz, \u00f6nce sa\u00e7 boyas\u0131na kar\u015f\u0131 olumsuz bir reaksiyon geli\u015ftirme riskleriniz hakk\u0131nda ara\u015ft\u0131rma yapman\u0131zda fayda var.<\/p>\n<p>Ailenizdeki bir albino soyundan geliyorsan\u0131z, albinizmli akrabalar\u0131n\u0131za daha \u00f6nce sa\u00e7 boyas\u0131 deneyip denemediklerini sorabilirsiniz. Daha kapsaml\u0131 bir haz\u0131rl\u0131k i\u00e7in albinizm tedavisinde uzmanla\u015fm\u0131\u015f bir doktora da dan\u0131\u015fabilirsiniz.<\/p>\n<p>Alerjik reaksiyonu kontrol etmenin iyi bir yolu, kula\u011f\u0131n arkas\u0131ndaki cilde veya dirse\u011fin i\u00e7 b\u00f6lgesine \u00e7ok az miktarda sa\u00e7 boyas\u0131 uygulamakt\u0131r. Buna kar\u015f\u0131 alerjik bir reaksiyon geli\u015ftirirseniz, o zaman bu sa\u00e7 boyalar\u0131 size g\u00f6re de\u011fildir. Ancak herhangi bir tepki yoksa, muhtemelen bir sa\u00e7 boyas\u0131 seans\u0131n\u0131 tolere edebilirsiniz.<\/p>\n<p>\u0130lginizi \u00e7ekebilir:<\/p>\n<ul>\n<li class=\"entry-title\"><em><a href=\"https:\/\/cajochy.com\/tr\/pink-and-blue-hair\/\">2022 YEN\u0130 Pembe ve Mavi Sa\u00e7 Fikirleri ve Boya Nas\u0131l Yap\u0131l\u0131r Rehberi<\/a><\/em><\/li>\n<li class=\"entry-title\"><em><a href=\"https:\/\/cajochy.com\/tr\/color-hair-underneath\/\">\u0130\u015fte Deneyebilece\u011finiz En \u0130yi 10 Sa\u00e7 Rengi Fikri<\/a><\/em><\/li>\n<li class=\"entry-title\"><em><a href=\"https:\/\/cajochy.com\/tr\/neon-green-hair-dye\/\">2022 En \u0130yi 5 Neon Ye\u015fil Sa\u00e7 Boyas\u0131 Fikirleri ve Nas\u0131l Yap\u0131l\u0131r K\u0131lavuzu<\/a><\/em><\/li>\n<\/ul>\n<h3>Sa\u00e7\u0131n\u0131z\u0131 Kendiniz Boyama Ad\u0131mlar\u0131<\/h3>\n<ul>\n<li>Uygun renk ve g\u00f6lgeyi kontrol edin. Albinolar\u0131n sa\u00e7lar\u0131nda benzersiz bir pigmentasyon olabilir, bu nedenle baz\u0131 albinolar\u0131n sa\u00e7lar\u0131, sa\u00e7 boyama seans\u0131ndan sonra di\u011ferlerinden daha koyu g\u00f6r\u00fcnebilir.<\/li>\n<li>Do\u011fru ekipmana yat\u0131r\u0131m yap\u0131n. Bu, sa\u00e7 tokas\u0131, sa\u00e7 kurutma makinesi (<a href=\"https:\/\/cajochy.com\/tr\/air-dry-vs-blow-dry\/\">havayla kurutmaya kar\u015f\u0131 f\u00f6nle kurutma, hangisi daha iyi<\/a>), plastik ba\u015fl\u0131k, plastik veya lastik eldivenler, renklendirme f\u0131r\u00e7as\u0131, plastik kase, vazelin, ar\u0131nd\u0131r\u0131c\u0131 \u015fampuan ve yar\u0131 kal\u0131c\u0131 sa\u00e7 boyas\u0131 gibi ge\u00e7ici sa\u00e7 boyas\u0131.<\/li>\n<li>Eski giysiler giyin. Hala \u00fczerinize oturan ama lekelenebilen eski bir g\u00f6mlek ve e\u015fofman alt\u0131 i\u015finizi g\u00f6recektir. Bu, sa\u00e7 boyas\u0131n\u0131n eski giysilere damlama riskine g\u00fcvenle izin verebilece\u011finiz anlam\u0131na gelir.<\/li>\n<li>Varsa bir kuaf\u00f6r pelerini kullan\u0131n. Birine harcamaktan \u00e7ekiniyorsan\u0131z, onun yerine temiz bir \u00e7\u00f6p torbas\u0131 kullan\u0131labilir.<\/li>\n<li>Sa\u00e7 boyas\u0131 seans\u0131ndan en az iki g\u00fcn \u00f6nce sa\u00e7\u0131n\u0131z\u0131 \u015fampuanlay\u0131n. Daha iyi sonu\u00e7lar i\u00e7in ar\u0131nd\u0131r\u0131c\u0131 bir \u015fampuan kullan\u0131n. Sa\u00e7 kremi kullanmay\u0131n.<\/li>\n<li>Ger\u00e7ek sa\u00e7 boyama g\u00fcn\u00fcnde, sa\u00e7 \u00e7izginizin \u00e7evresine, boynunuza, \u00f6zellikle ense \u00e7evresine vazelin s\u00fcr\u00fcn. Bu, \u00fczerine bir miktar sa\u00e7 boyas\u0131 damlad\u0131\u011f\u0131nda cildinizin renklenmesini de koruyacakt\u0131r.<\/li>\n<li>Sa\u00e7\u0131n\u0131z\u0131 b\u00f6l\u00fcmlere ay\u0131rmak i\u00e7in sa\u00e7 tokalar\u0131n\u0131 kullan\u0131n, b\u00f6ylece her seferinde bir b\u00f6l\u00fcm\u00fc boyayabilirsiniz. Sa\u00e7 tokas\u0131 kullanman\u0131n avantaj\u0131, bir yeri kesip, sa\u00e7 boyas\u0131n\u0131 s\u00fcr\u00fcp, kar\u0131\u015fmadan ba\u015fka bir k\u0131sma ge\u00e7ebilmenizdir.<\/li>\n<li>Sa\u00e7 boyas\u0131n\u0131 en az 45 dakika sa\u00e7 tellerinde bekletin. Daha sonra, sa\u00e7 boyas\u0131 rengini kapatacak uygun bir sa\u00e7 kremi uygulamadan \u00f6nce sa\u00e7 boyas\u0131n\u0131 so\u011fuk suyla durulayabilirsiniz.<\/li>\n<\/ul>\n<p><img data-recalc-dims=\"1\" decoding=\"async\" loading=\"lazy\" src=\"https:\/\/i0.wp.com\/cajochy.com\/wp-content\/uploads\/2022\/05\/albinos-color-hair.jpg?w=1220&#038;ssl=1\" alt=\"albino rengi sa\u00e7\"><\/p>\n<h3>Albinolar Sa\u00e7lar\u0131n\u0131 Kal\u0131c\u0131 veya Yar\u0131 Kal\u0131c\u0131 Sa\u00e7 Boyalar\u0131yla Boyayabilir mi?<\/h3>\n<p>Albinolar\u0131n sa\u00e7 ve derileri, hatta kafa derileri bile \u00e7ok hassas oldu\u011fundan, kal\u0131c\u0131 sa\u00e7 boyalar\u0131 gibi g\u00fc\u00e7l\u00fc bir kimyasal sa\u00e7 boyas\u0131 kullanmaktan ka\u00e7\u0131nmal\u0131s\u0131n\u0131z. Negatif bir reaksiyon geli\u015ftirmek m\u00fcmk\u00fcnd\u00fcr. Sa\u00e7\u0131n\u0131z ve sa\u00e7 deriniz i\u00e7in daha nazik olan yar\u0131 kal\u0131c\u0131 bir sa\u00e7 boyas\u0131yla daha iyi durumda olabilirsiniz.<\/p>\n<h3>Bir Albino Sa\u00e7\u0131n\u0131 K\u0131nayla Boyayabilir mi?<\/h3>\n<p>E\u015fsiz bir \u00e7\u00f6z\u00fcm, bunun yerine bir k\u0131na \u00fcr\u00fcn\u00fcne ge\u00e7mektir. K\u0131nan\u0131n sa\u00e7 tellerinizi daha kal\u0131n ve boyama i\u015flemine daha iyi dayanabilir hale getirebilece\u011fini fark edebilirsiniz. Ancak k\u0131na sa\u00e7 tellerini de kurutabilir, bu nedenle sonras\u0131nda da sa\u00e7 kremi kullanman\u0131z gerekir.<\/p>\n<p>Reaksiyonu test etmek i\u00e7in k\u0131na sa\u00e7 boyas\u0131n\u0131 her zaman sa\u00e7\u0131n k\u00fc\u00e7\u00fck bir b\u00f6l\u00fcm\u00fcnde test etmelisiniz. Bazen, albinolar\u0131n sa\u00e7lar\u0131 soluk, gri veya beyaz oldu\u011fu i\u00e7in k\u0131na istedi\u011finiz sonu\u00e7lar\u0131 vermeyebilir. En iyi sonu\u00e7lar i\u00e7in yaln\u0131zca 100% k\u0131na kullan\u0131n.&nbsp;<\/p>\n<p><strong>Daha fazla okuma<\/strong>:&nbsp;<\/p>\n<ul>\n<li class=\"entry-title\"><em><a href=\"https:\/\/cajochy.com\/tr\/common-hair-washing-mistakes\/\">Hala Yapt\u0131\u011f\u0131n\u0131z 9 Yayg\u0131n Sa\u00e7 Y\u0131kama Hatas\u0131 - Bunu Yapmay\u0131 Durdurun<\/a><\/em><\/li>\n<li class=\"entry-title\"><em><a href=\"https:\/\/cajochy.com\/tr\/argan-oil-for-hair\/\">Sa\u00e7 \u0130\u00e7in Argan Ya\u011f\u0131 \u2013 Faydalar\u0131, Ne Al\u0131n\u0131r ve Evde Sa\u00e7 \u0130\u00e7in Argan Ya\u011f\u0131 Nas\u0131l Kullan\u0131l\u0131r?<\/a><\/em><\/li>\n<\/ul>\n<h2>SSS&nbsp;<\/h2>\n\n\n<div class=\"schema-faq wp-block-yoast-faq-block\"><div class=\"schema-faq-section\" id=\"faq-question-1652788869135\"><strong class=\"schema-faq-question\">Albinolar sa\u00e7lar\u0131n\u0131 kendileri boyayabilir mi?<\/strong> <p class=\"schema-faq-answer\">Evet, albino iseniz sa\u00e7\u0131n\u0131z\u0131 kendiniz boyayabilirsiniz.<\/p> <\/div> <div class=\"schema-faq-section\" id=\"faq-question-1652788888469\"><strong class=\"schema-faq-question\">Albinolar sa\u00e7lar\u0131n\u0131 bir profesyonelden daha iyi boyayabilir mi?<\/strong> <p class=\"schema-faq-answer\">Bu, sa\u00e7 boyama becerilerinizi geli\u015ftirme yetene\u011finize ba\u011fl\u0131d\u0131r.<\/p> <\/div> <div class=\"schema-faq-section\" id=\"faq-question-1652788904634\"><strong class=\"schema-faq-question\">Albinizmli insanlar sa\u00e7lar\u0131n\u0131 reaksiyon korkusu olmadan ne zaman boyayabilirler?<\/strong> <p class=\"schema-faq-answer\">Cilt testini ge\u00e7tikten sonra sa\u00e7\u0131n\u0131z\u0131 boyayabilirsiniz.<\/p> <\/div> <\/div>\n\n\n<p>\u201cAlbinolar sa\u00e7lar\u0131n\u0131 profesyonel sonu\u00e7larla boyayabilir mi?\u201d Sorun \u015fu ki, t\u00fcm albinolar sa\u00e7 boyama becerilerinde yetenekli olmayabilir. Yani \u015fu anda bununla ilgili kat\u0131 ve h\u0131zl\u0131 bir kural yok. Ger\u00e7ek \u015fu ki, bir\u00e7ok \u015fey sa\u00e7 boyama becerilerinizi d\u00fczenli olarak uygulay\u0131p uygulayamayaca\u011f\u0131n\u0131za ba\u011fl\u0131 olacakt\u0131r. Yapabilirseniz, o zaman belki de sa\u00e7 boyama \u00e7abalar\u0131n\u0131z ger\u00e7ekten de profesyonel sa\u00e7 boyac\u0131lar\u0131n\u0131n albino sa\u00e7 \u00fczerinde elde edebilece\u011fi sonu\u00e7lar\u0131n ayn\u0131s\u0131n\u0131 verecektir.<\/p>","protected":false},"excerpt":{"rendered":"<p>When hair dyes are being considered, one problem that some people bring up is \u201cCan albino people dye their hair?\u201d Albino people do have different biological<span class=\"excerpt-hellip\"> [\u2026]<\/span><\/p>\n","protected":false},"author":2,"featured_media":1900,"comment_status":"closed","ping_status":"open","sticky":false,"template":"","format":"standard","meta":{"nf_dc_page":"","_monsterinsights_skip_tracking":false,"_monsterinsights_sitenote_active":false,"_monsterinsights_sitenote_note":"","_monsterinsights_sitenote_category":0,"_jetpack_memberships_contains_paid_content":false,"footnotes":""},"categories":[261],"tags":[],"class_list":["post-1898","post","type-post","status-publish","format-standard","has-post-thumbnail","hentry","category-dye"],"yoast_head":"<!-- This site is optimized with the Yoast SEO plugin v27.4 - https:\/\/yoast.com\/product\/yoast-seo-wordpress\/ -->\n<title>Albinos Can Dye Hair to Black, Blonde, and Any Colors, Here&#039;s Your Guide<\/title>\n<meta name=\"description\" content=\"Can Albinos dye their hair? Yes! You can dye hair to black, blonde, pink, and any other colors you like. Just follow this guide.\" \/>\n<meta name=\"robots\" content=\"index, follow, max-snippet:-1, max-image-preview:large, max-video-preview:-1\" \/>\n<link rel=\"canonical\" href=\"https:\/\/cajochy.com\/tr\/can-albinos-dye-their-hair\/\" \/>\n<meta property=\"og:locale\" content=\"tr_TR\" \/>\n<meta property=\"og:type\" content=\"article\" \/>\n<meta property=\"og:title\" content=\"Albinos Can Dye Hair to Black, Blonde, and Any Colors, Here&#039;s Your Guide\" \/>\n<meta property=\"og:description\" content=\"Can Albinos dye their hair? Yes! You can dye hair to black, blonde, pink, and any other colors you like. Just follow this guide.\" \/>\n<meta property=\"og:url\" content=\"https:\/\/cajochy.com\/tr\/can-albinos-dye-their-hair\/\" \/>\n<meta property=\"og:site_name\" content=\"Cajochy\" \/>\n<meta property=\"article:published_time\" content=\"2022-05-17T12:20:47+00:00\" \/>\n<meta property=\"article:modified_time\" content=\"2023-02-12T08:36:38+00:00\" \/>\n<meta property=\"og:image\" content=\"https:\/\/cajochy.com\/wp-content\/uploads\/2022\/05\/can-albinos-dye-their-hair.jpg\" \/>\n\t<meta property=\"og:image:width\" content=\"700\" \/>\n\t<meta property=\"og:image:height\" content=\"400\" \/>\n\t<meta property=\"og:image:type\" content=\"image\/jpeg\" \/>\n<meta name=\"author\" content=\"Carol\" \/>\n<meta name=\"twitter:card\" content=\"summary_large_image\" \/>\n<meta name=\"twitter:label1\" content=\"Yazan:\" \/>\n\t<meta name=\"twitter:data1\" content=\"Carol\" \/>\n\t<meta name=\"twitter:label2\" content=\"Tahmini okuma s\u00fcresi\" \/>\n\t<meta name=\"twitter:data2\" content=\"6 dakika\" \/>\n<script type=\"application\/ld+json\" class=\"yoast-schema-graph\">{\"@context\":\"https:\\\/\\\/schema.org\",\"@graph\":[{\"@type\":\"Article\",\"@id\":\"https:\\\/\\\/cajochy.com\\\/can-albinos-dye-their-hair\\\/#article\",\"isPartOf\":{\"@id\":\"https:\\\/\\\/cajochy.com\\\/can-albinos-dye-their-hair\\\/\"},\"author\":{\"name\":\"Carol\",\"@id\":\"https:\\\/\\\/cajochy.com\\\/#\\\/schema\\\/person\\\/8514995bf52bc70b213fac44bc1cf376\"},\"headline\":\"Can Albinos Dye Their Hair? Yes, Here Is the Tutorial\",\"datePublished\":\"2022-05-17T12:20:47+00:00\",\"dateModified\":\"2023-02-12T08:36:38+00:00\",\"mainEntityOfPage\":{\"@id\":\"https:\\\/\\\/cajochy.com\\\/can-albinos-dye-their-hair\\\/\"},\"wordCount\":1156,\"publisher\":{\"@id\":\"https:\\\/\\\/cajochy.com\\\/#organization\"},\"image\":{\"@id\":\"https:\\\/\\\/cajochy.com\\\/can-albinos-dye-their-hair\\\/#primaryimage\"},\"thumbnailUrl\":\"https:\\\/\\\/i0.wp.com\\\/cajochy.com\\\/wp-content\\\/uploads\\\/2022\\\/05\\\/can-albinos-dye-their-hair.jpg?fit=700%2C400&ssl=1\",\"articleSection\":[\"Dye\"],\"inLanguage\":\"tr\"},{\"@type\":[\"WebPage\",\"FAQPage\"],\"@id\":\"https:\\\/\\\/cajochy.com\\\/can-albinos-dye-their-hair\\\/\",\"url\":\"https:\\\/\\\/cajochy.com\\\/can-albinos-dye-their-hair\\\/\",\"name\":\"Albinos Can Dye Hair to Black, Blonde, and Any Colors, Here's Your Guide\",\"isPartOf\":{\"@id\":\"https:\\\/\\\/cajochy.com\\\/#website\"},\"primaryImageOfPage\":{\"@id\":\"https:\\\/\\\/cajochy.com\\\/can-albinos-dye-their-hair\\\/#primaryimage\"},\"image\":{\"@id\":\"https:\\\/\\\/cajochy.com\\\/can-albinos-dye-their-hair\\\/#primaryimage\"},\"thumbnailUrl\":\"https:\\\/\\\/i0.wp.com\\\/cajochy.com\\\/wp-content\\\/uploads\\\/2022\\\/05\\\/can-albinos-dye-their-hair.jpg?fit=700%2C400&ssl=1\",\"datePublished\":\"2022-05-17T12:20:47+00:00\",\"dateModified\":\"2023-02-12T08:36:38+00:00\",\"description\":\"Can Albinos dye their hair? Yes! You can dye hair to black, blonde, pink, and any other colors you like. Just follow this guide.\",\"breadcrumb\":{\"@id\":\"https:\\\/\\\/cajochy.com\\\/can-albinos-dye-their-hair\\\/#breadcrumb\"},\"mainEntity\":[{\"@id\":\"https:\\\/\\\/cajochy.com\\\/can-albinos-dye-their-hair\\\/#faq-question-1652788869135\"},{\"@id\":\"https:\\\/\\\/cajochy.com\\\/can-albinos-dye-their-hair\\\/#faq-question-1652788888469\"},{\"@id\":\"https:\\\/\\\/cajochy.com\\\/can-albinos-dye-their-hair\\\/#faq-question-1652788904634\"}],\"inLanguage\":\"tr\",\"potentialAction\":[{\"@type\":\"ReadAction\",\"target\":[\"https:\\\/\\\/cajochy.com\\\/can-albinos-dye-their-hair\\\/\"]}]},{\"@type\":\"ImageObject\",\"inLanguage\":\"tr\",\"@id\":\"https:\\\/\\\/cajochy.com\\\/can-albinos-dye-their-hair\\\/#primaryimage\",\"url\":\"https:\\\/\\\/i0.wp.com\\\/cajochy.com\\\/wp-content\\\/uploads\\\/2022\\\/05\\\/can-albinos-dye-their-hair.jpg?fit=700%2C400&ssl=1\",\"contentUrl\":\"https:\\\/\\\/i0.wp.com\\\/cajochy.com\\\/wp-content\\\/uploads\\\/2022\\\/05\\\/can-albinos-dye-their-hair.jpg?fit=700%2C400&ssl=1\",\"width\":700,\"height\":400,\"caption\":\"can albinos dye their hair\"},{\"@type\":\"BreadcrumbList\",\"@id\":\"https:\\\/\\\/cajochy.com\\\/can-albinos-dye-their-hair\\\/#breadcrumb\",\"itemListElement\":[{\"@type\":\"ListItem\",\"position\":1,\"name\":\"Home\",\"item\":\"https:\\\/\\\/cajochy.com\\\/\"},{\"@type\":\"ListItem\",\"position\":2,\"name\":\"Can Albinos Dye Their Hair? Yes, Here Is the Tutorial\"}]},{\"@type\":\"WebSite\",\"@id\":\"https:\\\/\\\/cajochy.com\\\/#website\",\"url\":\"https:\\\/\\\/cajochy.com\\\/\",\"name\":\"Cajochy\",\"description\":\"Reduce Hair Loss and Regrow Hair with Chemical-Free Tricks\",\"publisher\":{\"@id\":\"https:\\\/\\\/cajochy.com\\\/#organization\"},\"potentialAction\":[{\"@type\":\"SearchAction\",\"target\":{\"@type\":\"EntryPoint\",\"urlTemplate\":\"https:\\\/\\\/cajochy.com\\\/?s={search_term_string}\"},\"query-input\":{\"@type\":\"PropertyValueSpecification\",\"valueRequired\":true,\"valueName\":\"search_term_string\"}}],\"inLanguage\":\"tr\"},{\"@type\":\"Organization\",\"@id\":\"https:\\\/\\\/cajochy.com\\\/#organization\",\"name\":\"Cajochy\",\"url\":\"https:\\\/\\\/cajochy.com\\\/\",\"logo\":{\"@type\":\"ImageObject\",\"inLanguage\":\"tr\",\"@id\":\"https:\\\/\\\/cajochy.com\\\/#\\\/schema\\\/logo\\\/image\\\/\",\"url\":\"https:\\\/\\\/cajochy.com\\\/wp-content\\\/uploads\\\/2020\\\/09\\\/cropped-cajochy-image-logo-icon.jpg\",\"contentUrl\":\"https:\\\/\\\/cajochy.com\\\/wp-content\\\/uploads\\\/2020\\\/09\\\/cropped-cajochy-image-logo-icon.jpg\",\"width\":512,\"height\":512,\"caption\":\"Cajochy\"},\"image\":{\"@id\":\"https:\\\/\\\/cajochy.com\\\/#\\\/schema\\\/logo\\\/image\\\/\"}},{\"@type\":\"Person\",\"@id\":\"https:\\\/\\\/cajochy.com\\\/#\\\/schema\\\/person\\\/8514995bf52bc70b213fac44bc1cf376\",\"name\":\"Carol\",\"description\":\"Focusing on hair care myths and common misconceptions about wigs. Your hair can be better with a little effort.\",\"url\":\"https:\\\/\\\/cajochy.com\\\/tr\\\/author\\\/lectjacobrobinson\\\/\"},{\"@type\":\"Question\",\"@id\":\"https:\\\/\\\/cajochy.com\\\/can-albinos-dye-their-hair\\\/#faq-question-1652788869135\",\"position\":1,\"url\":\"https:\\\/\\\/cajochy.com\\\/can-albinos-dye-their-hair\\\/#faq-question-1652788869135\",\"name\":\"Can albino people dye their hair by themselves?\",\"answerCount\":1,\"acceptedAnswer\":{\"@type\":\"Answer\",\"text\":\"Yes, if you are albino you can dye your hair on your own.\",\"inLanguage\":\"tr\"},\"inLanguage\":\"tr\"},{\"@type\":\"Question\",\"@id\":\"https:\\\/\\\/cajochy.com\\\/can-albinos-dye-their-hair\\\/#faq-question-1652788888469\",\"position\":2,\"url\":\"https:\\\/\\\/cajochy.com\\\/can-albinos-dye-their-hair\\\/#faq-question-1652788888469\",\"name\":\"Can albinos dye their hair better than a pro?\",\"answerCount\":1,\"acceptedAnswer\":{\"@type\":\"Answer\",\"text\":\"This depends on your ability to hone your hair dyeing skills.\",\"inLanguage\":\"tr\"},\"inLanguage\":\"tr\"},{\"@type\":\"Question\",\"@id\":\"https:\\\/\\\/cajochy.com\\\/can-albinos-dye-their-hair\\\/#faq-question-1652788904634\",\"position\":3,\"url\":\"https:\\\/\\\/cajochy.com\\\/can-albinos-dye-their-hair\\\/#faq-question-1652788904634\",\"name\":\"When can people with albinism dye their hair without fear of a reaction?\",\"answerCount\":1,\"acceptedAnswer\":{\"@type\":\"Answer\",\"text\":\"You may dye your hair after passing the skin test.\",\"inLanguage\":\"tr\"},\"inLanguage\":\"tr\"}]}<\/script>\n<!-- \/ Yoast SEO plugin. -->","yoast_head_json":{"title":"Albinolar Sa\u00e7lar\u0131 Siyaha, Sar\u0131ya ve Her Renge Boyayabilir, \u0130\u015fte Rehberiniz","description":"Albinolar sa\u00e7lar\u0131n\u0131 boyayabilir mi? Evet! Sa\u00e7\u0131n\u0131z\u0131 siyaha, sar\u0131ya, pembeye ve istedi\u011finiz di\u011fer renklere boyayabilirsiniz. Sadece bu k\u0131lavuzu takip edin.","robots":{"index":"index","follow":"follow","max-snippet":"max-snippet:-1","max-image-preview":"max-image-preview:large","max-video-preview":"max-video-preview:-1"},"canonical":"https:\/\/cajochy.com\/tr\/can-albinos-dye-their-hair\/","og_locale":"tr_TR","og_type":"article","og_title":"Albinos Can Dye Hair to Black, Blonde, and Any Colors, Here's Your Guide","og_description":"Can Albinos dye their hair? Yes! You can dye hair to black, blonde, pink, and any other colors you like. Just follow this guide.","og_url":"https:\/\/cajochy.com\/tr\/can-albinos-dye-their-hair\/","og_site_name":"Cajochy","article_published_time":"2022-05-17T12:20:47+00:00","article_modified_time":"2023-02-12T08:36:38+00:00","og_image":[{"width":700,"height":400,"url":"https:\/\/cajochy.com\/wp-content\/uploads\/2022\/05\/can-albinos-dye-their-hair.jpg","type":"image\/jpeg"}],"author":"Carol","twitter_card":"summary_large_image","twitter_misc":{"Yazan:":"Carol","Tahmini okuma s\u00fcresi":"6 dakika"},"schema":{"@context":"https:\/\/schema.org","@graph":[{"@type":"Article","@id":"https:\/\/cajochy.com\/can-albinos-dye-their-hair\/#article","isPartOf":{"@id":"https:\/\/cajochy.com\/can-albinos-dye-their-hair\/"},"author":{"name":"Carol","@id":"https:\/\/cajochy.com\/#\/schema\/person\/8514995bf52bc70b213fac44bc1cf376"},"headline":"Can Albinos Dye Their Hair? Yes, Here Is the Tutorial","datePublished":"2022-05-17T12:20:47+00:00","dateModified":"2023-02-12T08:36:38+00:00","mainEntityOfPage":{"@id":"https:\/\/cajochy.com\/can-albinos-dye-their-hair\/"},"wordCount":1156,"publisher":{"@id":"https:\/\/cajochy.com\/#organization"},"image":{"@id":"https:\/\/cajochy.com\/can-albinos-dye-their-hair\/#primaryimage"},"thumbnailUrl":"https:\/\/i0.wp.com\/cajochy.com\/wp-content\/uploads\/2022\/05\/can-albinos-dye-their-hair.jpg?fit=700%2C400&ssl=1","articleSection":["Dye"],"inLanguage":"tr"},{"@type":["WebPage","FAQPage"],"@id":"https:\/\/cajochy.com\/can-albinos-dye-their-hair\/","url":"https:\/\/cajochy.com\/can-albinos-dye-their-hair\/","name":"Albinolar Sa\u00e7lar\u0131 Siyaha, Sar\u0131ya ve Her Renge Boyayabilir, \u0130\u015fte Rehberiniz","isPartOf":{"@id":"https:\/\/cajochy.com\/#website"},"primaryImageOfPage":{"@id":"https:\/\/cajochy.com\/can-albinos-dye-their-hair\/#primaryimage"},"image":{"@id":"https:\/\/cajochy.com\/can-albinos-dye-their-hair\/#primaryimage"},"thumbnailUrl":"https:\/\/i0.wp.com\/cajochy.com\/wp-content\/uploads\/2022\/05\/can-albinos-dye-their-hair.jpg?fit=700%2C400&ssl=1","datePublished":"2022-05-17T12:20:47+00:00","dateModified":"2023-02-12T08:36:38+00:00","description":"Albinolar sa\u00e7lar\u0131n\u0131 boyayabilir mi? Evet! Sa\u00e7\u0131n\u0131z\u0131 siyaha, sar\u0131ya, pembeye ve istedi\u011finiz di\u011fer renklere boyayabilirsiniz. Sadece bu k\u0131lavuzu takip edin.","breadcrumb":{"@id":"https:\/\/cajochy.com\/can-albinos-dye-their-hair\/#breadcrumb"},"mainEntity":[{"@id":"https:\/\/cajochy.com\/can-albinos-dye-their-hair\/#faq-question-1652788869135"},{"@id":"https:\/\/cajochy.com\/can-albinos-dye-their-hair\/#faq-question-1652788888469"},{"@id":"https:\/\/cajochy.com\/can-albinos-dye-their-hair\/#faq-question-1652788904634"}],"inLanguage":"tr","potentialAction":[{"@type":"ReadAction","target":["https:\/\/cajochy.com\/can-albinos-dye-their-hair\/"]}]},{"@type":"ImageObject","inLanguage":"tr","@id":"https:\/\/cajochy.com\/can-albinos-dye-their-hair\/#primaryimage","url":"https:\/\/i0.wp.com\/cajochy.com\/wp-content\/uploads\/2022\/05\/can-albinos-dye-their-hair.jpg?fit=700%2C400&ssl=1","contentUrl":"https:\/\/i0.wp.com\/cajochy.com\/wp-content\/uploads\/2022\/05\/can-albinos-dye-their-hair.jpg?fit=700%2C400&ssl=1","width":700,"height":400,"caption":"can albinos dye their hair"},{"@type":"BreadcrumbList","@id":"https:\/\/cajochy.com\/can-albinos-dye-their-hair\/#breadcrumb","itemListElement":[{"@type":"ListItem","position":1,"name":"Home","item":"https:\/\/cajochy.com\/"},{"@type":"ListItem","position":2,"name":"Can Albinos Dye Their Hair? Yes, Here Is the Tutorial"}]},{"@type":"WebSite","@id":"https:\/\/cajochy.com\/#website","url":"https:\/\/cajochy.com\/","name":"Cajochy","description":"Kimyasals\u0131z Hilelerle Sa\u00e7 D\u00f6k\u00fclmesini Azalt\u0131n ve Sa\u00e7lar\u0131 Yeniden B\u00fcy\u00fct\u00fcn","publisher":{"@id":"https:\/\/cajochy.com\/#organization"},"potentialAction":[{"@type":"SearchAction","target":{"@type":"EntryPoint","urlTemplate":"https:\/\/cajochy.com\/?s={search_term_string}"},"query-input":{"@type":"PropertyValueSpecification","valueRequired":true,"valueName":"search_term_string"}}],"inLanguage":"tr"},{"@type":"Organization","@id":"https:\/\/cajochy.com\/#organization","name":"Cajochy","url":"https:\/\/cajochy.com\/","logo":{"@type":"ImageObject","inLanguage":"tr","@id":"https:\/\/cajochy.com\/#\/schema\/logo\/image\/","url":"https:\/\/cajochy.com\/wp-content\/uploads\/2020\/09\/cropped-cajochy-image-logo-icon.jpg","contentUrl":"https:\/\/cajochy.com\/wp-content\/uploads\/2020\/09\/cropped-cajochy-image-logo-icon.jpg","width":512,"height":512,"caption":"Cajochy"},"image":{"@id":"https:\/\/cajochy.com\/#\/schema\/logo\/image\/"}},{"@type":"Person","@id":"https:\/\/cajochy.com\/#\/schema\/person\/8514995bf52bc70b213fac44bc1cf376","name":"Carol","description":"Sa\u00e7 bak\u0131m\u0131 mitlerine ve peruklarla ilgili yayg\u0131n yan\u0131lg\u0131lara odaklanmak. Sa\u00e7lar\u0131n\u0131z biraz \u00e7abayla daha iyi olabilir.","url":"https:\/\/cajochy.com\/tr\/author\/lectjacobrobinson\/"},{"@type":"Question","@id":"https:\/\/cajochy.com\/can-albinos-dye-their-hair\/#faq-question-1652788869135","position":1,"url":"https:\/\/cajochy.com\/can-albinos-dye-their-hair\/#faq-question-1652788869135","name":"Albinolar sa\u00e7lar\u0131n\u0131 kendileri boyayabilir mi?","answerCount":1,"acceptedAnswer":{"@type":"Answer","text":"Yes, if you are albino you can dye your hair on your own.","inLanguage":"tr"},"inLanguage":"tr"},{"@type":"Question","@id":"https:\/\/cajochy.com\/can-albinos-dye-their-hair\/#faq-question-1652788888469","position":2,"url":"https:\/\/cajochy.com\/can-albinos-dye-their-hair\/#faq-question-1652788888469","name":"Albinolar sa\u00e7lar\u0131n\u0131 bir profesyonelden daha iyi boyayabilir mi?","answerCount":1,"acceptedAnswer":{"@type":"Answer","text":"This depends on your ability to hone your hair dyeing skills.","inLanguage":"tr"},"inLanguage":"tr"},{"@type":"Question","@id":"https:\/\/cajochy.com\/can-albinos-dye-their-hair\/#faq-question-1652788904634","position":3,"url":"https:\/\/cajochy.com\/can-albinos-dye-their-hair\/#faq-question-1652788904634","name":"Albinizmli insanlar sa\u00e7lar\u0131n\u0131 reaksiyon korkusu olmadan ne zaman boyayabilirler?","answerCount":1,"acceptedAnswer":{"@type":"Answer","text":"You may dye your hair after passing the skin test.","inLanguage":"tr"},"inLanguage":"tr"}]}},"jetpack_featured_media_url":"https:\/\/i0.wp.com\/cajochy.com\/wp-content\/uploads\/2022\/05\/can-albinos-dye-their-hair.jpg?fit=700%2C400&ssl=1","jetpack_sharing_enabled":true,"_links":{"self":[{"href":"https:\/\/cajochy.com\/tr\/wp-json\/wp\/v2\/posts\/1898","targetHints":{"allow":["GET"]}}],"collection":[{"href":"https:\/\/cajochy.com\/tr\/wp-json\/wp\/v2\/posts"}],"about":[{"href":"https:\/\/cajochy.com\/tr\/wp-json\/wp\/v2\/types\/post"}],"author":[{"embeddable":true,"href":"https:\/\/cajochy.com\/tr\/wp-json\/wp\/v2\/users\/2"}],"replies":[{"embeddable":true,"href":"https:\/\/cajochy.com\/tr\/wp-json\/wp\/v2\/comments?post=1898"}],"version-history":[{"count":1,"href":"https:\/\/cajochy.com\/tr\/wp-json\/wp\/v2\/posts\/1898\/revisions"}],"predecessor-version":[{"id":1996,"href":"https:\/\/cajochy.com\/tr\/wp-json\/wp\/v2\/posts\/1898\/revisions\/1996"}],"wp:featuredmedia":[{"embeddable":true,"href":"https:\/\/cajochy.com\/tr\/wp-json\/wp\/v2\/media\/1900"}],"wp:attachment":[{"href":"https:\/\/cajochy.com\/tr\/wp-json\/wp\/v2\/media?parent=1898"}],"wp:term":[{"taxonomy":"category","embeddable":true,"href":"https:\/\/cajochy.com\/tr\/wp-json\/wp\/v2\/categories?post=1898"},{"taxonomy":"post_tag","embeddable":true,"href":"https:\/\/cajochy.com\/tr\/wp-json\/wp\/v2\/tags?post=1898"}],"curies":[{"name":"wp","href":"https:\/\/api.w.org\/{rel}","templated":true}]}}