{"id":1898,"date":"2022-05-17T12:20:47","date_gmt":"2022-05-17T12:20:47","guid":{"rendered":"https:\/\/cajochy.com\/?p=1898"},"modified":"2023-02-12T08:36:38","modified_gmt":"2023-02-12T08:36:38","slug":"can-albinos-dye-their-hair","status":"publish","type":"post","link":"https:\/\/cajochy.com\/nb\/can-albinos-dye-their-hair\/","title":{"rendered":"Kan albinoer farge h\u00e5ret? Ja, her er oppl\u00e6ringen"},"content":{"rendered":"<p>N\u00e5r h\u00e5rfarger vurderes, er et problem som noen tar opp &quot;Kan albinofolk farge h\u00e5ret sitt?&quot; Albino-mennesker har andre biologiske egenskaper enn folk uten albinisme.<\/p>\n<h2>Kan albinoer farge h\u00e5ret?<\/h2>\n<p>Sannheten er Ja. Albinoer generelt kan faktisk farge h\u00e5ret. Men fargingsprosessen har noen komplikasjoner som albinoer b\u00f8r vurdere f\u00f8r h\u00e5ret deres blir utsatt for farging.<\/p>\n<p>Hvis du sp\u00f8r &quot;Kan folk med albinisme farge h\u00e5ret?&quot; du b\u00f8r f\u00f8rst vurdere fargingsprosessen og hva den gj\u00f8r med personer med denne mangelen p\u00e5 pigmentering.<\/p>\n<p>Pigmentet kalles melanin. Det finnes i h\u00e5ret, \u00f8ynene og huden generelt. Melanin gj\u00f8r folk lyshudet, brunhudet eller svarthudet avhengig av hvor mye pigment som er i h\u00e5ret og huden til personen.<\/p>\n<p>Siden albinoh\u00e5r mangler melanin, gj\u00f8r dette det enkelt for albinoh\u00e5r \u00e5 absorbere h\u00e5rfarger. Problemet er at albinohud er ganske f\u00f8lsom, s\u00e5 selv en mild h\u00e5rfarge kan muligens f\u00e5 albinohud til \u00e5 reagere negativt.&nbsp;<\/p>\n<h2>Hvordan kan en albino farge h\u00e5r?&nbsp;<\/h2>\n<p>N\u00f8kkelen til \u00e5 la en albino farge h\u00e5ret er \u00e5 velge en h\u00e5rfarge som er egnet for sensitivt h\u00e5r og hud. Hvis h\u00e5rfargen kan tolereres, vil det ikke v\u00e6re problemer med hvordan albinoer kan farge h\u00e5ret.&nbsp;<\/p>\n<p>Problemer vil oppst\u00e5 hvis albinopersonens hud (inkludert hodebunnen) utvikler en reaksjon p\u00e5 h\u00e5rfargen, spesielt permanente h\u00e5rfarger. H\u00e5rfargen kan ogs\u00e5 ha en negativ effekt p\u00e5 selve albinoh\u00e5ret siden albinoh\u00e5ret er ganske fint og delikat. Du b\u00f8r forresten ogs\u00e5 v\u00e6re forsiktig n\u00e5r du <a href=\"https:\/\/cajochy.com\/nb\/dye-hair-with-food-coloring\/\">farge h\u00e5ret med matfarge<\/a>.&nbsp;<\/p>\n<p>Albinoer kan enten helt mangle melanin i h\u00e5ret, \u00f8ynene og huden, eller de kan ha lave niv\u00e5er av melanin. Dette kan p\u00e5virke hvor godt albinoer t\u00e5ler h\u00e5rfargen og h\u00e5rets endelige utseende etter behandling.<\/p>\n<h2>Hvordan farge Albino-h\u00e5r hjemme&nbsp;<\/h2>\n<p>Hvis du er en albino og vurderer hvordan en albino kan farge h\u00e5ret sitt, l\u00f8nner det seg \u00e5 unders\u00f8ke f\u00f8rst om risikoen for \u00e5 utvikle en negativ reaksjon p\u00e5 h\u00e5rfargen.<\/p>\n<p>Hvis du kommer fra en rekke albinoer i familien din, kan du sp\u00f8rre slektninger med albinisme om de har pr\u00f8vd h\u00e5rfarger f\u00f8r. Du kan ogs\u00e5 konsultere en lege som har spesialisert seg p\u00e5 behandling av albinisme for grundigere forberedelser.<\/p>\n<p>En god m\u00e5te \u00e5 se etter en allergisk reaksjon p\u00e5 er \u00e5 p\u00e5f\u00f8re en veldig liten mengde h\u00e5rfarge p\u00e5 huden p\u00e5 baksiden av \u00f8ret eller p\u00e5 innsiden av en albue. Hvis du utvikler en allergisk reaksjon p\u00e5 det, er ikke disse h\u00e5rfargene noe for deg. Men hvis det ikke er noen reaksjon, er du sannsynligvis i stand til \u00e5 tolerere en h\u00e5rfargings\u00f8kt.<\/p>\n<p>Du kan interessere:<\/p>\n<ul>\n<li class=\"entry-title\"><em><a href=\"https:\/\/cajochy.com\/nb\/pink-and-blue-hair\/\">2022 NYE rosa og bl\u00e5tt h\u00e5r-ideer og fargeveiledning<\/a><\/em><\/li>\n<li class=\"entry-title\"><em><a href=\"https:\/\/cajochy.com\/nb\/color-hair-underneath\/\">Her er de 10 beste h\u00e5rfargeideene du kan pr\u00f8ve<\/a><\/em><\/li>\n<li class=\"entry-title\"><em><a href=\"https:\/\/cajochy.com\/nb\/neon-green-hair-dye\/\">2022 Topp 5 neongr\u00f8nne h\u00e5rfargeideer og veiledning<\/a><\/em><\/li>\n<\/ul>\n<h3>Trinn for \u00e5 farge h\u00e5r selv<\/h3>\n<ul>\n<li>Se etter riktig farge og nyanse. Albinoer kan ha en unik pigmentering av h\u00e5ret, s\u00e5 noen albino-h\u00e5r kan virke m\u00f8rkere enn andre etter en h\u00e5rfargings\u00f8kt.<\/li>\n<li>Invester i riktig utstyr. Dette betyr \u00e5 kj\u00f8pe h\u00f8ykvalitets h\u00e5rfargeverkt\u00f8y som h\u00e5rspenner, en h\u00e5rf\u00f8ner (<a href=\"https:\/\/cajochy.com\/nb\/air-dry-vs-blow-dry\/\">luftt\u00f8rr vs. f\u00f8n, som er bedre<\/a>), en plasthette, plast- eller gummihansker, en fargeb\u00f8rste, en plastbolle, vaselin, en rensende sjampo og midlertidig h\u00e5rfarge som semi-permanent h\u00e5rfarge.<\/li>\n<li>Bruk gamle kl\u00e6r. En gammel skjorte og joggebukser som fortsatt passer, men som kan flekkes, vil duge. Dette betyr at du trygt kan tillate risikoen for sprut av h\u00e5rfarge som spruter p\u00e5 de gamle kl\u00e6rne.<\/li>\n<li>Bruk en fris\u00f8rkappe hvis du har en. Hvis du er usikker p\u00e5 \u00e5 bruke p\u00e5 en, kan en ren s\u00f8ppelsekk brukes i stedet.<\/li>\n<li>Sjampoer h\u00e5ret ditt minst to dager f\u00f8r h\u00e5rfargings\u00f8kten. Bruk en rensende sjampo for bedre resultater. Ikke bruk h\u00e5rbalsam.<\/li>\n<li>P\u00e5 selve h\u00e5rfargedagen sm\u00f8rer du vaselin rundt omkretsen av h\u00e5rfestet, rundt halsen, spesielt nakken. Dette vil beskytte huden din mot \u00e5 bli farget ogs\u00e5 hvis det kommer litt h\u00e5rfarge p\u00e5 den.<\/li>\n<li>Bruk h\u00e5rspennene til \u00e5 dele h\u00e5ret slik at du kan farge en del om gangen. Fordelen med \u00e5 bruke h\u00e5rspenner er at du kan klippe en seksjon, p\u00e5f\u00f8re h\u00e5rfargen og deretter g\u00e5 videre til en annen seksjon uten \u00e5 bli rotete.<\/li>\n<li>La h\u00e5rfargen sitte p\u00e5 h\u00e5rstr\u00e5ene i minimum 45 minutter. Du kan deretter skylle av h\u00e5rfargen med kaldt vann f\u00f8r du p\u00e5f\u00f8rer en passende h\u00e5rbalsam som vil forsegle h\u00e5rfargen.<\/li>\n<\/ul>\n<p><img data-recalc-dims=\"1\" decoding=\"async\" loading=\"lazy\" src=\"https:\/\/i0.wp.com\/cajochy.com\/wp-content\/uploads\/2022\/05\/albinos-color-hair.jpg?w=1220&#038;ssl=1\" alt=\"albinoer farger h\u00e5r\"><\/p>\n<h3>Kan albinoer farge h\u00e5ret med permanente eller semi-permanente h\u00e5rfarger?<\/h3>\n<p>Siden albinoer har sv\u00e6rt sensitivt h\u00e5r og hud, selv i hodebunnen, b\u00f8r du v\u00e6re forsiktig med \u00e5 bruke en sterk kjemisk h\u00e5rfarge som permanente h\u00e5rfarger. Det er mulig \u00e5 utvikle en negativ reaksjon. Du kan ha det bedre med en semi-permanent h\u00e5rfarge som er snillere mot h\u00e5ret og hodebunnen.<\/p>\n<h3>Kan en albino farge h\u00e5ret med henna?<\/h3>\n<p>En unik l\u00f8sning er \u00e5 bytte til et hennaprodukt i stedet. Du vil kanskje legge merke til at henna kan f\u00e5 h\u00e5rstr\u00e5ene til \u00e5 virke tykkere og bedre t\u00e5le fargeprosessen. Men henna kan ogs\u00e5 t\u00f8rke ut h\u00e5rstr\u00e5ene, s\u00e5 du m\u00e5 bruke en h\u00e5rbalsam ogs\u00e5 etterp\u00e5.<\/p>\n<p>Du b\u00f8r alltid teste henna h\u00e5rfarge p\u00e5 en liten del av h\u00e5ret for \u00e5 teste reaksjonen. Noen ganger kan det hende at henna ikke gir de resultatene du \u00f8nsker, siden albinoer har blekt, gr\u00e5tt eller hvitt h\u00e5r. For best resultat, bruk kun 100% henna.&nbsp;<\/p>\n<p><strong>Videre lesning<\/strong>:&nbsp;<\/p>\n<ul>\n<li class=\"entry-title\"><em><a href=\"https:\/\/cajochy.com\/nb\/common-hair-washing-mistakes\/\">9 vanlige h\u00e5rvaskefeil du fortsatt gj\u00f8r \u2013 slutt \u00e5 gj\u00f8re dette<\/a><\/em><\/li>\n<li class=\"entry-title\"><em><a href=\"https:\/\/cajochy.com\/nb\/argan-oil-for-hair\/\">Arganolje for h\u00e5r \u2013 fordeler og hva du b\u00f8r kj\u00f8pe og hvordan du bruker arganolje for h\u00e5r hjemme<\/a><\/em><\/li>\n<\/ul>\n<h2>Vanlige sp\u00f8rsm\u00e5l&nbsp;<\/h2>\n\n\n<div class=\"schema-faq wp-block-yoast-faq-block\"><div class=\"schema-faq-section\" id=\"faq-question-1652788869135\"><strong class=\"schema-faq-question\">Kan albinofolk farge h\u00e5ret selv?<\/strong> <p class=\"schema-faq-answer\">Ja, hvis du er albino kan du farge h\u00e5ret p\u00e5 egen h\u00e5nd.<\/p> <\/div> <div class=\"schema-faq-section\" id=\"faq-question-1652788888469\"><strong class=\"schema-faq-question\">Kan albinoer farge h\u00e5ret bedre enn en proff?<\/strong> <p class=\"schema-faq-answer\">Dette avhenger av din evne til \u00e5 finpusse h\u00e5rfargingsferdighetene dine.<\/p> <\/div> <div class=\"schema-faq-section\" id=\"faq-question-1652788904634\"><strong class=\"schema-faq-question\">N\u00e5r kan personer med albinisme farge h\u00e5ret uten frykt for en reaksjon?<\/strong> <p class=\"schema-faq-answer\">Du kan farge h\u00e5ret etter \u00e5 ha best\u00e5tt hudtesten.<\/p> <\/div> <\/div>\n\n\n<p>Noen mennesker blir forvirret n\u00e5r det gjelder &quot;Kan albinoer farge h\u00e5ret med profesjonelle resultater?&quot; Problemet er at ikke alle albinoer kan v\u00e6re dyktige i h\u00e5rfarging. S\u00e5 det er ingen hard og rask regel om dette for \u00f8yeblikket. Sannheten er at mye vil avhenge av om du kan trene p\u00e5 h\u00e5rfargingsferdighetene dine regelmessig. Hvis du kan, vil kanskje h\u00e5rfargingen din faktisk gi de samme resultatene som profesjonelle h\u00e5rfargere kan oppn\u00e5 p\u00e5 albinoh\u00e5r.<\/p>","protected":false},"excerpt":{"rendered":"<p>When hair dyes are being considered, one problem that some people bring up is \u201cCan albino people dye their hair?\u201d Albino people do have different biological<span class=\"excerpt-hellip\"> [\u2026]<\/span><\/p>\n","protected":false},"author":2,"featured_media":1900,"comment_status":"closed","ping_status":"open","sticky":false,"template":"","format":"standard","meta":{"nf_dc_page":"","_monsterinsights_skip_tracking":false,"_monsterinsights_sitenote_active":false,"_monsterinsights_sitenote_note":"","_monsterinsights_sitenote_category":0,"_jetpack_memberships_contains_paid_content":false,"footnotes":""},"categories":[261],"tags":[],"class_list":["post-1898","post","type-post","status-publish","format-standard","has-post-thumbnail","hentry","category-dye"],"yoast_head":"<!-- This site is optimized with the Yoast SEO plugin v27.5 - https:\/\/yoast.com\/product\/yoast-seo-wordpress\/ -->\n<title>Albinos Can Dye Hair to Black, Blonde, and Any Colors, Here&#039;s Your Guide<\/title>\n<meta name=\"description\" content=\"Can Albinos dye their hair? Yes! You can dye hair to black, blonde, pink, and any other colors you like. Just follow this guide.\" \/>\n<meta name=\"robots\" content=\"index, follow, max-snippet:-1, max-image-preview:large, max-video-preview:-1\" \/>\n<link rel=\"canonical\" href=\"https:\/\/cajochy.com\/nb\/can-albinos-dye-their-hair\/\" \/>\n<meta property=\"og:locale\" content=\"nb_NO\" \/>\n<meta property=\"og:type\" content=\"article\" \/>\n<meta property=\"og:title\" content=\"Albinos Can Dye Hair to Black, Blonde, and Any Colors, Here&#039;s Your Guide\" \/>\n<meta property=\"og:description\" content=\"Can Albinos dye their hair? Yes! You can dye hair to black, blonde, pink, and any other colors you like. Just follow this guide.\" \/>\n<meta property=\"og:url\" content=\"https:\/\/cajochy.com\/nb\/can-albinos-dye-their-hair\/\" \/>\n<meta property=\"og:site_name\" content=\"Cajochy\" \/>\n<meta property=\"article:published_time\" content=\"2022-05-17T12:20:47+00:00\" \/>\n<meta property=\"article:modified_time\" content=\"2023-02-12T08:36:38+00:00\" \/>\n<meta property=\"og:image\" content=\"https:\/\/cajochy.com\/wp-content\/uploads\/2022\/05\/can-albinos-dye-their-hair.jpg\" \/>\n\t<meta property=\"og:image:width\" content=\"700\" \/>\n\t<meta property=\"og:image:height\" content=\"400\" \/>\n\t<meta property=\"og:image:type\" content=\"image\/jpeg\" \/>\n<meta name=\"author\" content=\"Carol\" \/>\n<meta name=\"twitter:card\" content=\"summary_large_image\" \/>\n<meta name=\"twitter:label1\" content=\"Skrevet av\" \/>\n\t<meta name=\"twitter:data1\" content=\"Carol\" \/>\n\t<meta name=\"twitter:label2\" content=\"Ansl. lesetid\" \/>\n\t<meta name=\"twitter:data2\" content=\"6 minutter\" \/>\n<script type=\"application\/ld+json\" class=\"yoast-schema-graph\">{\"@context\":\"https:\\\/\\\/schema.org\",\"@graph\":[{\"@type\":\"Article\",\"@id\":\"https:\\\/\\\/cajochy.com\\\/can-albinos-dye-their-hair\\\/#article\",\"isPartOf\":{\"@id\":\"https:\\\/\\\/cajochy.com\\\/can-albinos-dye-their-hair\\\/\"},\"author\":{\"name\":\"Carol\",\"@id\":\"https:\\\/\\\/cajochy.com\\\/#\\\/schema\\\/person\\\/8514995bf52bc70b213fac44bc1cf376\"},\"headline\":\"Can Albinos Dye Their Hair? Yes, Here Is the Tutorial\",\"datePublished\":\"2022-05-17T12:20:47+00:00\",\"dateModified\":\"2023-02-12T08:36:38+00:00\",\"mainEntityOfPage\":{\"@id\":\"https:\\\/\\\/cajochy.com\\\/can-albinos-dye-their-hair\\\/\"},\"wordCount\":1156,\"publisher\":{\"@id\":\"https:\\\/\\\/cajochy.com\\\/#organization\"},\"image\":{\"@id\":\"https:\\\/\\\/cajochy.com\\\/can-albinos-dye-their-hair\\\/#primaryimage\"},\"thumbnailUrl\":\"https:\\\/\\\/i0.wp.com\\\/cajochy.com\\\/wp-content\\\/uploads\\\/2022\\\/05\\\/can-albinos-dye-their-hair.jpg?fit=700%2C400&ssl=1\",\"articleSection\":[\"Dye\"],\"inLanguage\":\"nb-NO\"},{\"@type\":[\"WebPage\",\"FAQPage\"],\"@id\":\"https:\\\/\\\/cajochy.com\\\/can-albinos-dye-their-hair\\\/\",\"url\":\"https:\\\/\\\/cajochy.com\\\/can-albinos-dye-their-hair\\\/\",\"name\":\"Albinos Can Dye Hair to Black, Blonde, and Any Colors, Here's Your Guide\",\"isPartOf\":{\"@id\":\"https:\\\/\\\/cajochy.com\\\/#website\"},\"primaryImageOfPage\":{\"@id\":\"https:\\\/\\\/cajochy.com\\\/can-albinos-dye-their-hair\\\/#primaryimage\"},\"image\":{\"@id\":\"https:\\\/\\\/cajochy.com\\\/can-albinos-dye-their-hair\\\/#primaryimage\"},\"thumbnailUrl\":\"https:\\\/\\\/i0.wp.com\\\/cajochy.com\\\/wp-content\\\/uploads\\\/2022\\\/05\\\/can-albinos-dye-their-hair.jpg?fit=700%2C400&ssl=1\",\"datePublished\":\"2022-05-17T12:20:47+00:00\",\"dateModified\":\"2023-02-12T08:36:38+00:00\",\"description\":\"Can Albinos dye their hair? Yes! You can dye hair to black, blonde, pink, and any other colors you like. Just follow this guide.\",\"breadcrumb\":{\"@id\":\"https:\\\/\\\/cajochy.com\\\/can-albinos-dye-their-hair\\\/#breadcrumb\"},\"mainEntity\":[{\"@id\":\"https:\\\/\\\/cajochy.com\\\/can-albinos-dye-their-hair\\\/#faq-question-1652788869135\"},{\"@id\":\"https:\\\/\\\/cajochy.com\\\/can-albinos-dye-their-hair\\\/#faq-question-1652788888469\"},{\"@id\":\"https:\\\/\\\/cajochy.com\\\/can-albinos-dye-their-hair\\\/#faq-question-1652788904634\"}],\"inLanguage\":\"nb-NO\",\"potentialAction\":[{\"@type\":\"ReadAction\",\"target\":[\"https:\\\/\\\/cajochy.com\\\/can-albinos-dye-their-hair\\\/\"]}]},{\"@type\":\"ImageObject\",\"inLanguage\":\"nb-NO\",\"@id\":\"https:\\\/\\\/cajochy.com\\\/can-albinos-dye-their-hair\\\/#primaryimage\",\"url\":\"https:\\\/\\\/i0.wp.com\\\/cajochy.com\\\/wp-content\\\/uploads\\\/2022\\\/05\\\/can-albinos-dye-their-hair.jpg?fit=700%2C400&ssl=1\",\"contentUrl\":\"https:\\\/\\\/i0.wp.com\\\/cajochy.com\\\/wp-content\\\/uploads\\\/2022\\\/05\\\/can-albinos-dye-their-hair.jpg?fit=700%2C400&ssl=1\",\"width\":700,\"height\":400,\"caption\":\"can albinos dye their hair\"},{\"@type\":\"BreadcrumbList\",\"@id\":\"https:\\\/\\\/cajochy.com\\\/can-albinos-dye-their-hair\\\/#breadcrumb\",\"itemListElement\":[{\"@type\":\"ListItem\",\"position\":1,\"name\":\"Home\",\"item\":\"https:\\\/\\\/cajochy.com\\\/\"},{\"@type\":\"ListItem\",\"position\":2,\"name\":\"Can Albinos Dye Their Hair? Yes, Here Is the Tutorial\"}]},{\"@type\":\"WebSite\",\"@id\":\"https:\\\/\\\/cajochy.com\\\/#website\",\"url\":\"https:\\\/\\\/cajochy.com\\\/\",\"name\":\"Cajochy\",\"description\":\"Reduce Hair Loss and Regrow Hair with Chemical-Free Tricks\",\"publisher\":{\"@id\":\"https:\\\/\\\/cajochy.com\\\/#organization\"},\"potentialAction\":[{\"@type\":\"SearchAction\",\"target\":{\"@type\":\"EntryPoint\",\"urlTemplate\":\"https:\\\/\\\/cajochy.com\\\/?s={search_term_string}\"},\"query-input\":{\"@type\":\"PropertyValueSpecification\",\"valueRequired\":true,\"valueName\":\"search_term_string\"}}],\"inLanguage\":\"nb-NO\"},{\"@type\":\"Organization\",\"@id\":\"https:\\\/\\\/cajochy.com\\\/#organization\",\"name\":\"Cajochy\",\"url\":\"https:\\\/\\\/cajochy.com\\\/\",\"logo\":{\"@type\":\"ImageObject\",\"inLanguage\":\"nb-NO\",\"@id\":\"https:\\\/\\\/cajochy.com\\\/#\\\/schema\\\/logo\\\/image\\\/\",\"url\":\"https:\\\/\\\/cajochy.com\\\/wp-content\\\/uploads\\\/2020\\\/09\\\/cropped-cajochy-image-logo-icon.jpg\",\"contentUrl\":\"https:\\\/\\\/cajochy.com\\\/wp-content\\\/uploads\\\/2020\\\/09\\\/cropped-cajochy-image-logo-icon.jpg\",\"width\":512,\"height\":512,\"caption\":\"Cajochy\"},\"image\":{\"@id\":\"https:\\\/\\\/cajochy.com\\\/#\\\/schema\\\/logo\\\/image\\\/\"}},{\"@type\":\"Person\",\"@id\":\"https:\\\/\\\/cajochy.com\\\/#\\\/schema\\\/person\\\/8514995bf52bc70b213fac44bc1cf376\",\"name\":\"Carol\",\"description\":\"Focusing on hair care myths and common misconceptions about wigs. Your hair can be better with a little effort.\",\"url\":\"https:\\\/\\\/cajochy.com\\\/nb\\\/author\\\/lectjacobrobinson\\\/\"},{\"@type\":\"Question\",\"@id\":\"https:\\\/\\\/cajochy.com\\\/can-albinos-dye-their-hair\\\/#faq-question-1652788869135\",\"position\":1,\"url\":\"https:\\\/\\\/cajochy.com\\\/can-albinos-dye-their-hair\\\/#faq-question-1652788869135\",\"name\":\"Can albino people dye their hair by themselves?\",\"answerCount\":1,\"acceptedAnswer\":{\"@type\":\"Answer\",\"text\":\"Yes, if you are albino you can dye your hair on your own.\",\"inLanguage\":\"nb-NO\"},\"inLanguage\":\"nb-NO\"},{\"@type\":\"Question\",\"@id\":\"https:\\\/\\\/cajochy.com\\\/can-albinos-dye-their-hair\\\/#faq-question-1652788888469\",\"position\":2,\"url\":\"https:\\\/\\\/cajochy.com\\\/can-albinos-dye-their-hair\\\/#faq-question-1652788888469\",\"name\":\"Can albinos dye their hair better than a pro?\",\"answerCount\":1,\"acceptedAnswer\":{\"@type\":\"Answer\",\"text\":\"This depends on your ability to hone your hair dyeing skills.\",\"inLanguage\":\"nb-NO\"},\"inLanguage\":\"nb-NO\"},{\"@type\":\"Question\",\"@id\":\"https:\\\/\\\/cajochy.com\\\/can-albinos-dye-their-hair\\\/#faq-question-1652788904634\",\"position\":3,\"url\":\"https:\\\/\\\/cajochy.com\\\/can-albinos-dye-their-hair\\\/#faq-question-1652788904634\",\"name\":\"When can people with albinism dye their hair without fear of a reaction?\",\"answerCount\":1,\"acceptedAnswer\":{\"@type\":\"Answer\",\"text\":\"You may dye your hair after passing the skin test.\",\"inLanguage\":\"nb-NO\"},\"inLanguage\":\"nb-NO\"}]}<\/script>\n<!-- \/ Yoast SEO plugin. -->","yoast_head_json":{"title":"Albinoer kan farge h\u00e5r til svart, blondt og alle farger, her er din guide","description":"Kan albinoer farge h\u00e5ret? Ja! Du kan farge h\u00e5ret til svart, blondt, rosa og andre farger du liker. Bare f\u00f8lg denne veiledningen.","robots":{"index":"index","follow":"follow","max-snippet":"max-snippet:-1","max-image-preview":"max-image-preview:large","max-video-preview":"max-video-preview:-1"},"canonical":"https:\/\/cajochy.com\/nb\/can-albinos-dye-their-hair\/","og_locale":"nb_NO","og_type":"article","og_title":"Albinos Can Dye Hair to Black, Blonde, and Any Colors, Here's Your Guide","og_description":"Can Albinos dye their hair? Yes! You can dye hair to black, blonde, pink, and any other colors you like. Just follow this guide.","og_url":"https:\/\/cajochy.com\/nb\/can-albinos-dye-their-hair\/","og_site_name":"Cajochy","article_published_time":"2022-05-17T12:20:47+00:00","article_modified_time":"2023-02-12T08:36:38+00:00","og_image":[{"width":700,"height":400,"url":"https:\/\/cajochy.com\/wp-content\/uploads\/2022\/05\/can-albinos-dye-their-hair.jpg","type":"image\/jpeg"}],"author":"Carol","twitter_card":"summary_large_image","twitter_misc":{"Skrevet av":"Carol","Ansl. lesetid":"6 minutter"},"schema":{"@context":"https:\/\/schema.org","@graph":[{"@type":"Article","@id":"https:\/\/cajochy.com\/can-albinos-dye-their-hair\/#article","isPartOf":{"@id":"https:\/\/cajochy.com\/can-albinos-dye-their-hair\/"},"author":{"name":"Carol","@id":"https:\/\/cajochy.com\/#\/schema\/person\/8514995bf52bc70b213fac44bc1cf376"},"headline":"Can Albinos Dye Their Hair? Yes, Here Is the Tutorial","datePublished":"2022-05-17T12:20:47+00:00","dateModified":"2023-02-12T08:36:38+00:00","mainEntityOfPage":{"@id":"https:\/\/cajochy.com\/can-albinos-dye-their-hair\/"},"wordCount":1156,"publisher":{"@id":"https:\/\/cajochy.com\/#organization"},"image":{"@id":"https:\/\/cajochy.com\/can-albinos-dye-their-hair\/#primaryimage"},"thumbnailUrl":"https:\/\/i0.wp.com\/cajochy.com\/wp-content\/uploads\/2022\/05\/can-albinos-dye-their-hair.jpg?fit=700%2C400&ssl=1","articleSection":["Dye"],"inLanguage":"nb-NO"},{"@type":["WebPage","FAQPage"],"@id":"https:\/\/cajochy.com\/can-albinos-dye-their-hair\/","url":"https:\/\/cajochy.com\/can-albinos-dye-their-hair\/","name":"Albinoer kan farge h\u00e5r til svart, blondt og alle farger, her er din guide","isPartOf":{"@id":"https:\/\/cajochy.com\/#website"},"primaryImageOfPage":{"@id":"https:\/\/cajochy.com\/can-albinos-dye-their-hair\/#primaryimage"},"image":{"@id":"https:\/\/cajochy.com\/can-albinos-dye-their-hair\/#primaryimage"},"thumbnailUrl":"https:\/\/i0.wp.com\/cajochy.com\/wp-content\/uploads\/2022\/05\/can-albinos-dye-their-hair.jpg?fit=700%2C400&ssl=1","datePublished":"2022-05-17T12:20:47+00:00","dateModified":"2023-02-12T08:36:38+00:00","description":"Kan albinoer farge h\u00e5ret? Ja! Du kan farge h\u00e5ret til svart, blondt, rosa og andre farger du liker. Bare f\u00f8lg denne veiledningen.","breadcrumb":{"@id":"https:\/\/cajochy.com\/can-albinos-dye-their-hair\/#breadcrumb"},"mainEntity":[{"@id":"https:\/\/cajochy.com\/can-albinos-dye-their-hair\/#faq-question-1652788869135"},{"@id":"https:\/\/cajochy.com\/can-albinos-dye-their-hair\/#faq-question-1652788888469"},{"@id":"https:\/\/cajochy.com\/can-albinos-dye-their-hair\/#faq-question-1652788904634"}],"inLanguage":"nb-NO","potentialAction":[{"@type":"ReadAction","target":["https:\/\/cajochy.com\/can-albinos-dye-their-hair\/"]}]},{"@type":"ImageObject","inLanguage":"nb-NO","@id":"https:\/\/cajochy.com\/can-albinos-dye-their-hair\/#primaryimage","url":"https:\/\/i0.wp.com\/cajochy.com\/wp-content\/uploads\/2022\/05\/can-albinos-dye-their-hair.jpg?fit=700%2C400&ssl=1","contentUrl":"https:\/\/i0.wp.com\/cajochy.com\/wp-content\/uploads\/2022\/05\/can-albinos-dye-their-hair.jpg?fit=700%2C400&ssl=1","width":700,"height":400,"caption":"can albinos dye their hair"},{"@type":"BreadcrumbList","@id":"https:\/\/cajochy.com\/can-albinos-dye-their-hair\/#breadcrumb","itemListElement":[{"@type":"ListItem","position":1,"name":"Home","item":"https:\/\/cajochy.com\/"},{"@type":"ListItem","position":2,"name":"Can Albinos Dye Their Hair? Yes, Here Is the Tutorial"}]},{"@type":"WebSite","@id":"https:\/\/cajochy.com\/#website","url":"https:\/\/cajochy.com\/","name":"Cajochy","description":"Reduser h\u00e5rtap og gjenopprett h\u00e5r med kjemikaliefrie triks","publisher":{"@id":"https:\/\/cajochy.com\/#organization"},"potentialAction":[{"@type":"SearchAction","target":{"@type":"EntryPoint","urlTemplate":"https:\/\/cajochy.com\/?s={search_term_string}"},"query-input":{"@type":"PropertyValueSpecification","valueRequired":true,"valueName":"search_term_string"}}],"inLanguage":"nb-NO"},{"@type":"Organization","@id":"https:\/\/cajochy.com\/#organization","name":"Cajochy","url":"https:\/\/cajochy.com\/","logo":{"@type":"ImageObject","inLanguage":"nb-NO","@id":"https:\/\/cajochy.com\/#\/schema\/logo\/image\/","url":"https:\/\/cajochy.com\/wp-content\/uploads\/2020\/09\/cropped-cajochy-image-logo-icon.jpg","contentUrl":"https:\/\/cajochy.com\/wp-content\/uploads\/2020\/09\/cropped-cajochy-image-logo-icon.jpg","width":512,"height":512,"caption":"Cajochy"},"image":{"@id":"https:\/\/cajochy.com\/#\/schema\/logo\/image\/"}},{"@type":"Person","@id":"https:\/\/cajochy.com\/#\/schema\/person\/8514995bf52bc70b213fac44bc1cf376","name":"Carol","description":"Fokus p\u00e5 h\u00e5rpleiemyter og vanlige misoppfatninger om parykker. H\u00e5ret ditt kan bli bedre med litt innsats.","url":"https:\/\/cajochy.com\/nb\/author\/lectjacobrobinson\/"},{"@type":"Question","@id":"https:\/\/cajochy.com\/can-albinos-dye-their-hair\/#faq-question-1652788869135","position":1,"url":"https:\/\/cajochy.com\/can-albinos-dye-their-hair\/#faq-question-1652788869135","name":"Kan albinofolk farge h\u00e5ret selv?","answerCount":1,"acceptedAnswer":{"@type":"Answer","text":"Yes, if you are albino you can dye your hair on your own.","inLanguage":"nb-NO"},"inLanguage":"nb-NO"},{"@type":"Question","@id":"https:\/\/cajochy.com\/can-albinos-dye-their-hair\/#faq-question-1652788888469","position":2,"url":"https:\/\/cajochy.com\/can-albinos-dye-their-hair\/#faq-question-1652788888469","name":"Kan albinoer farge h\u00e5ret bedre enn en proff?","answerCount":1,"acceptedAnswer":{"@type":"Answer","text":"This depends on your ability to hone your hair dyeing skills.","inLanguage":"nb-NO"},"inLanguage":"nb-NO"},{"@type":"Question","@id":"https:\/\/cajochy.com\/can-albinos-dye-their-hair\/#faq-question-1652788904634","position":3,"url":"https:\/\/cajochy.com\/can-albinos-dye-their-hair\/#faq-question-1652788904634","name":"N\u00e5r kan personer med albinisme farge h\u00e5ret uten frykt for en reaksjon?","answerCount":1,"acceptedAnswer":{"@type":"Answer","text":"You may dye your hair after passing the skin test.","inLanguage":"nb-NO"},"inLanguage":"nb-NO"}]}},"jetpack_featured_media_url":"https:\/\/i0.wp.com\/cajochy.com\/wp-content\/uploads\/2022\/05\/can-albinos-dye-their-hair.jpg?fit=700%2C400&ssl=1","jetpack_sharing_enabled":true,"_links":{"self":[{"href":"https:\/\/cajochy.com\/nb\/wp-json\/wp\/v2\/posts\/1898","targetHints":{"allow":["GET"]}}],"collection":[{"href":"https:\/\/cajochy.com\/nb\/wp-json\/wp\/v2\/posts"}],"about":[{"href":"https:\/\/cajochy.com\/nb\/wp-json\/wp\/v2\/types\/post"}],"author":[{"embeddable":true,"href":"https:\/\/cajochy.com\/nb\/wp-json\/wp\/v2\/users\/2"}],"replies":[{"embeddable":true,"href":"https:\/\/cajochy.com\/nb\/wp-json\/wp\/v2\/comments?post=1898"}],"version-history":[{"count":1,"href":"https:\/\/cajochy.com\/nb\/wp-json\/wp\/v2\/posts\/1898\/revisions"}],"predecessor-version":[{"id":1996,"href":"https:\/\/cajochy.com\/nb\/wp-json\/wp\/v2\/posts\/1898\/revisions\/1996"}],"wp:featuredmedia":[{"embeddable":true,"href":"https:\/\/cajochy.com\/nb\/wp-json\/wp\/v2\/media\/1900"}],"wp:attachment":[{"href":"https:\/\/cajochy.com\/nb\/wp-json\/wp\/v2\/media?parent=1898"}],"wp:term":[{"taxonomy":"category","embeddable":true,"href":"https:\/\/cajochy.com\/nb\/wp-json\/wp\/v2\/categories?post=1898"},{"taxonomy":"post_tag","embeddable":true,"href":"https:\/\/cajochy.com\/nb\/wp-json\/wp\/v2\/tags?post=1898"}],"curies":[{"name":"wp","href":"https:\/\/api.w.org\/{rel}","templated":true}]}}