{"id":1898,"date":"2022-05-17T12:20:47","date_gmt":"2022-05-17T12:20:47","guid":{"rendered":"https:\/\/cajochy.com\/?p=1898"},"modified":"2023-02-12T08:36:38","modified_gmt":"2023-02-12T08:36:38","slug":"can-albinos-dye-their-hair","status":"publish","type":"post","link":"https:\/\/cajochy.com\/cs\/can-albinos-dye-their-hair\/","title":{"rendered":"Mohou si alb\u00edni barvit vlasy? Ano, zde je n\u00e1vod"},"content":{"rendered":"<p>Kdy\u017e se uva\u017euje o barven\u00ed vlas\u016f, jeden probl\u00e9m, kter\u00fd n\u011bkte\u0159\u00ed lid\u00e9 uv\u00e1d\u011bj\u00ed, je: \u201eMohou si alb\u00edni barvit vlasy? Alb\u00edni maj\u00ed jin\u00e9 biologick\u00e9 vlastnosti ne\u017e lid\u00e9 bez albinismu.<\/p>\n<h2>Mohou si alb\u00edni barvit vlasy?<\/h2>\n<p>Pravda je ano. Alb\u00edni obecn\u011b skute\u010dn\u011b dok\u00e1\u017eou barvit vlasy. Ale proces barven\u00ed m\u00e1 ur\u010dit\u00e9 komplikace, kter\u00e9 by alb\u00edni m\u011bli zv\u00e1\u017eit, ne\u017e budou jejich vlasy podrobeny barven\u00ed.<\/p>\n<p>Pokud se zept\u00e1te: \u201eMohou si lid\u00e9 s albinismem barvit vlasy? m\u011bli byste nejprve zv\u00e1\u017eit proces barven\u00ed a to, co to d\u011bl\u00e1 s lidmi s t\u00edmto nedostatkem pigmentace.<\/p>\n<p>Pigment se naz\u00fdv\u00e1 melanin. Nach\u00e1z\u00ed se ve vlasech, o\u010d\u00edch a poko\u017ece obecn\u011b. Melanin zp\u016fsobuje, \u017ee lid\u00e9 maj\u00ed sv\u011btlou, hn\u011bdou nebo \u010dernou ple\u0165 v z\u00e1vislosti na tom, kolik pigmentu je ve vlasech a k\u016f\u017ei dan\u00e9ho \u010dlov\u011bka.<\/p>\n<p>Vzhledem k tomu, \u017ee alb\u00ednsk\u00e9 vlasy postr\u00e1daj\u00ed melanin, alb\u00ednsk\u00e9 vlasy d\u00edky tomu snadno absorbuj\u00ed barvy na barven\u00ed vlas\u016f. Probl\u00e9m je v tom, \u017ee k\u016f\u017ee alb\u00edn\u016f je pom\u011brn\u011b citliv\u00e1, tak\u017ee i jemn\u00e9 barvivo na vlasy m\u016f\u017ee zp\u016fsobit, \u017ee poko\u017eka alb\u00edn\u016f bude reagovat negativn\u011b.&nbsp;<\/p>\n<h2>Jak m\u016f\u017ee alb\u00edn barvit vlasy?&nbsp;<\/h2>\n<p>Kl\u00ed\u010dem k tomu, abyste nechali albino barvit si vlasy, je vybrat si barvu na vlasy, kter\u00e1 je vhodn\u00e1 pro citliv\u00e9 vlasy a poko\u017eku. Pokud lze barvu na vlasy tolerovat, nebudou probl\u00e9my s t\u00edm, jak si alb\u00edni mohou barvit vlasy.&nbsp;<\/p>\n<p>Probl\u00e9my nastanou, pokud se na k\u016f\u017ei alb\u00edna (v\u010detn\u011b poko\u017eky hlavy) objev\u00ed reakce na barvivo na vlasy, zejm\u00e9na na permanentn\u00ed. Barva na vlasy m\u016f\u017ee m\u00edt tak\u00e9 negativn\u00ed vliv na samotn\u00e9 albino vlasy, proto\u017ee albino vlasy jsou docela jemn\u00e9 a jemn\u00e9. Mimochodem, m\u011bli byste b\u00fdt opatrn\u00ed, kdy\u017e jste <a href=\"https:\/\/cajochy.com\/cs\/dye-hair-with-food-coloring\/\">obarvit vlasy potravin\u00e1\u0159skou barvou<\/a>.&nbsp;<\/p>\n<p>Alb\u00edni mohou bu\u010f zcela postr\u00e1dat melanin ve vlasech, o\u010d\u00edch a k\u016f\u017ei, nebo mohou m\u00edt n\u00edzkou hladinu melaninu. To m\u016f\u017ee ovlivnit, jak dob\u0159e alb\u00edni sn\u00e1\u0161ej\u00ed barvu na vlasy a kone\u010dn\u00fd vzhled vlas\u016f po o\u0161et\u0159en\u00ed.<\/p>\n<h2>Jak barvit vlasy alb\u00edn\u016f doma&nbsp;<\/h2>\n<p>Pokud jste alb\u00edn a uva\u017eujete o tom, jak si m\u016f\u017ee alb\u00edn obarvit vlasy, vyplat\u00ed se nejprve si ud\u011blat pr\u016fzkum ohledn\u011b rizika vzniku negativn\u00ed reakce na barvu na vlasy.<\/p>\n<p>Pokud poch\u00e1z\u00edte z linie alb\u00edn\u016f ve va\u0161\u00ed rodin\u011b, m\u016f\u017eete se zeptat p\u0159\u00edbuzn\u00fdch s albinismem, zda u\u017e zkou\u0161eli barvy na vlasy. D\u016fkladn\u011bj\u0161\u00ed p\u0159\u00edpravu m\u016f\u017eete tak\u00e9 konzultovat s l\u00e9ka\u0159em, kter\u00fd se specializuje na l\u00e9\u010dbu albinismu.<\/p>\n<p>Jedn\u00edm z dobr\u00fdch zp\u016fsob\u016f, jak zkontrolovat alergickou reakci, je aplikovat velmi mal\u00e9 mno\u017estv\u00ed barvy na vlasy na k\u016f\u017ei na zadn\u00ed stran\u011b ucha nebo na vnit\u0159n\u00ed stran\u011b lokte. Pokud se u v\u00e1s objev\u00ed alergick\u00e1 reakce, pak tyto barvy na vlasy nejsou pro v\u00e1s. Ale pokud nen\u00ed \u017e\u00e1dn\u00e1 reakce, pravd\u011bpodobn\u011b jste schopni tolerovat barven\u00ed vlas\u016f.<\/p>\n<p>Mohlo by v\u00e1s zaj\u00edmat:<\/p>\n<ul>\n<li class=\"entry-title\"><em><a href=\"https:\/\/cajochy.com\/cs\/pink-and-blue-hair\/\">2022 NOV\u00c9 n\u00e1pady na r\u016f\u017eov\u00e9 a modr\u00e9 vlasy a n\u00e1vod na barven\u00ed<\/a><\/em><\/li>\n<li class=\"entry-title\"><em><a href=\"https:\/\/cajochy.com\/cs\/color-hair-underneath\/\">Zde je 10 nejlep\u0161\u00edch n\u00e1pad\u016f na barvu vlas\u016f, kter\u00e9 m\u016f\u017eete vyzkou\u0161et<\/a><\/em><\/li>\n<li class=\"entry-title\"><em><a href=\"https:\/\/cajochy.com\/cs\/neon-green-hair-dye\/\">2022 Top 5 n\u00e1pad\u016f a n\u00e1vod\u016f na neonov\u011b zelen\u00e9 barven\u00ed vlas\u016f<\/a><\/em><\/li>\n<\/ul>\n<h3>Kroky k barven\u00ed vlas\u016f sami<\/h3>\n<ul>\n<li>Zkontrolujte vhodnou barvu a odst\u00edn. Alb\u00edni mohou m\u00edt n\u011bjakou jedine\u010dnou pigmentaci sv\u00fdch vlas\u016f, tak\u017ee n\u011bkter\u00e9 alb\u00ednsk\u00e9 vlasy se mohou po barven\u00ed vlas\u016f zd\u00e1t tmav\u0161\u00ed ne\u017e jin\u00e9.<\/li>\n<li>Investujte do spr\u00e1vn\u00e9ho vybaven\u00ed. To znamen\u00e1 n\u00e1kup vysoce kvalitn\u00edch n\u00e1stroj\u016f na barven\u00ed vlas\u016f, jako jsou sponky do vlas\u016f, vysou\u0161e\u010d vlas\u016f (<a href=\"https:\/\/cajochy.com\/cs\/air-dry-vs-blow-dry\/\">su\u0161en\u00ed vzduchem vs. f\u00e9nov\u00e1n\u00ed, co\u017e je lep\u0161\u00ed<\/a>), plastovou \u010depici, plastov\u00e9 nebo gumov\u00e9 rukavice, t\u00f3novac\u00ed \u0161t\u011btec, plastovou misku, vazel\u00ednu, \u010dist\u00edc\u00ed \u0161ampon a do\u010dasn\u00e9 barvivo na vlasy, jako je semipermanentn\u00ed barva na vlasy.<\/li>\n<li>Noste star\u00e9 oble\u010den\u00ed. Posta\u010d\u00ed star\u00e1 ko\u0161ile a tepl\u00e1ky, kter\u00e9 st\u00e1le sed\u00ed, ale mohou se u\u0161pinit. To znamen\u00e1, \u017ee m\u016f\u017eete bezpe\u010dn\u011b p\u0159ipustit riziko rozst\u0159ikov\u00e1n\u00ed pram\u00ednek barvy na vlasy na star\u00e9 oble\u010den\u00ed.<\/li>\n<li>Pokud m\u00e1te, pou\u017eijte pl\u00e1\u0161t\u011bnku od kade\u0159n\u00edka. Pokud m\u00e1te obavy utr\u00e1cet za jeden, m\u016f\u017eete m\u00edsto n\u011bj pou\u017e\u00edt \u010dist\u00fd pytel na odpadky.<\/li>\n<li>\u0160amponujte si vlasy alespo\u0148 dva dny p\u0159ed barven\u00edm vlas\u016f. Pro lep\u0161\u00ed v\u00fdsledky pou\u017eijte \u010dist\u00edc\u00ed \u0161ampon. Nepou\u017e\u00edvejte kondicion\u00e9r na vlasy.<\/li>\n<li>V den skute\u010dn\u00e9ho barven\u00ed vlas\u016f nat\u0159ete vazel\u00ednou po obvodu vlasov\u00e9 linie, kolem krku, zejm\u00e9na z\u00e1tylku. To ochr\u00e1n\u00ed va\u0161i poko\u017eku p\u0159ed zbarven\u00edm, pokud na ni te\u010de n\u011bjak\u00e1 barva na vlasy.<\/li>\n<li>Pomoc\u00ed sponek do vlas\u016f rozd\u011blte vlasy, abyste je mohli barvit po jednotliv\u00fdch \u010d\u00e1stech. V\u00fdhodou pou\u017eit\u00ed spon do vlas\u016f je, \u017ee m\u016f\u017eete sepnout jednu \u010d\u00e1st, nan\u00e9st barvu na vlasy a pot\u00e9 p\u0159ej\u00edt na jinou \u010d\u00e1st, ani\u017e byste se zamotali.<\/li>\n<li>Nechte barvu na vlasech p\u016fsobit minim\u00e1ln\u011b 45 minut. Pot\u00e9 m\u016f\u017eete barvu z vlas\u016f opl\u00e1chnout studenou vodou p\u0159ed aplikac\u00ed vhodn\u00e9ho kondicion\u00e9ru na vlasy, kter\u00fd barvu na vlasy uzav\u0159e.<\/li>\n<\/ul>\n<p><img data-recalc-dims=\"1\" decoding=\"async\" loading=\"lazy\" src=\"https:\/\/i0.wp.com\/cajochy.com\/wp-content\/uploads\/2022\/05\/albinos-color-hair.jpg?w=1220&#038;ssl=1\" alt=\"alb\u00edni barvy vlas\u016f\"><\/p>\n<h3>Mohou si alb\u00edni barvit vlasy permanentn\u00edmi nebo polopermanentn\u00edmi barvami na vlasy?<\/h3>\n<p>Vzhledem k tomu, \u017ee alb\u00edni maj\u00ed velmi citliv\u00e9 vlasy a poko\u017eku, dokonce i na poko\u017ece hlavy, m\u011bli byste se m\u00edt na pozoru p\u0159ed pou\u017e\u00edv\u00e1n\u00edm siln\u00fdch chemick\u00fdch barev na vlasy, jako jsou permanentn\u00ed barvy na vlasy. Je mo\u017en\u00e9 vyvinout negativn\u00ed reakci. Mo\u017en\u00e1 by v\u00e1m l\u00e9pe vyhovovala semipermanentn\u00ed barva na vlasy, kter\u00e1 je \u0161etrn\u011bj\u0161\u00ed k va\u0161im vlas\u016fm a poko\u017ece hlavy.<\/p>\n<h3>M\u016f\u017ee si alb\u00edn barvit vlasy hennou?<\/h3>\n<p>Jedn\u00edm z unik\u00e1tn\u00edch \u0159e\u0161en\u00ed je p\u0159ej\u00edt m\u00edsto toho na produkt z henny. M\u016f\u017eete si v\u0161imnout, \u017ee henna m\u016f\u017ee zp\u016fsobit, \u017ee va\u0161e vlasy budou siln\u011bj\u0161\u00ed a l\u00e9pe odol\u00e1vaj\u00ed procesu barven\u00ed. Ale henna m\u016f\u017ee tak\u00e9 vysu\u0161it vlasov\u00e9 prameny, tak\u017ee budete muset pou\u017e\u00edt tak\u00e9 kondicion\u00e9r na vlasy.<\/p>\n<p>V\u017edy byste m\u011bli vyzkou\u0161et barvu na vlasy hennou na mal\u00e9 \u010d\u00e1sti vlas\u016f, abyste otestovali reakci. N\u011bkdy nemus\u00ed henna p\u0159in\u00e9st po\u017eadovan\u00e9 v\u00fdsledky, proto\u017ee alb\u00edni maj\u00ed sv\u011btl\u00e9, \u0161ed\u00e9 nebo b\u00edl\u00e9 vlasy. Pro dosa\u017een\u00ed nejlep\u0161\u00edch v\u00fdsledk\u016f pou\u017e\u00edvejte pouze hennu 100%.&nbsp;<\/p>\n<p><strong>Dal\u0161\u00ed \u010dten\u00ed<\/strong>:&nbsp;<\/p>\n<ul>\n<li class=\"entry-title\"><em><a href=\"https:\/\/cajochy.com\/cs\/common-hair-washing-mistakes\/\">9 b\u011b\u017en\u00fdch chyb p\u0159i myt\u00ed vlas\u016f, kter\u00e9 st\u00e1le d\u011bl\u00e1te \u2013 p\u0159esta\u0148te to d\u011blat<\/a><\/em><\/li>\n<li class=\"entry-title\"><em><a href=\"https:\/\/cajochy.com\/cs\/argan-oil-for-hair\/\">Arganov\u00fd olej na vlasy \u2013 v\u00fdhody a co koupit a jak pou\u017e\u00edvat arganov\u00fd olej na vlasy doma<\/a><\/em><\/li>\n<\/ul>\n<h2>Nej\u010dast\u011bj\u0161\u00ed dotazy&nbsp;<\/h2>\n\n\n<div class=\"schema-faq wp-block-yoast-faq-block\"><div class=\"schema-faq-section\" id=\"faq-question-1652788869135\"><strong class=\"schema-faq-question\">Mohou si alb\u00edni barvit vlasy sami?<\/strong> <p class=\"schema-faq-answer\">Ano, pokud jste alb\u00edn, m\u016f\u017eete si obarvit vlasy sami.<\/p> <\/div> <div class=\"schema-faq-section\" id=\"faq-question-1652788888469\"><strong class=\"schema-faq-question\">Mohou si alb\u00edni barvit vlasy l\u00e9pe ne\u017e profesion\u00e1l?<\/strong> <p class=\"schema-faq-answer\">To z\u00e1vis\u00ed na va\u0161\u00ed schopnosti zdokonalit sv\u00e9 dovednosti v barven\u00ed vlas\u016f.<\/p> <\/div> <div class=\"schema-faq-section\" id=\"faq-question-1652788904634\"><strong class=\"schema-faq-question\">Kdy si mohou lid\u00e9 s albinismem barvit vlasy bez obav z reakce?<\/strong> <p class=\"schema-faq-answer\">Po absolvov\u00e1n\u00ed ko\u017en\u00edho testu si m\u016f\u017eete obarvit vlasy.<\/p> <\/div> <\/div>\n\n\n<p>N\u011bkte\u0159\u00ed lid\u00e9 jsou zmateni slovy: \u201eMohou si alb\u00edni barvit vlasy s profesion\u00e1ln\u00edmi v\u00fdsledky? Probl\u00e9m je v tom, \u017ee ne v\u0161ichni alb\u00edni mohou m\u00edt dovednosti v barven\u00ed vlas\u016f. Tak\u017ee v tuto chv\u00edli neexistuje \u017e\u00e1dn\u00e9 pevn\u00e9 pravidlo. Pravdou je, \u017ee hodn\u011b bude z\u00e1le\u017eet na tom, zda dok\u00e1\u017eete pravideln\u011b cvi\u010dit sv\u00e9 dovednosti v barven\u00ed vlas\u016f. Pokud m\u016f\u017eete, pak mo\u017en\u00e1 va\u0161e \u00fasil\u00ed o barven\u00ed vlas\u016f skute\u010dn\u011b povede ke stejn\u00fdm v\u00fdsledk\u016fm, kter\u00fdch mohou profesion\u00e1ln\u00ed vlasov\u00ed barv\u00ed\u0159i dos\u00e1hnout na alb\u00ednsk\u00fdch vlasech.<\/p>","protected":false},"excerpt":{"rendered":"<p>When hair dyes are being considered, one problem that some people bring up is \u201cCan albino people dye their hair?\u201d Albino people do have different biological<span class=\"excerpt-hellip\"> [\u2026]<\/span><\/p>\n","protected":false},"author":2,"featured_media":1900,"comment_status":"closed","ping_status":"open","sticky":false,"template":"","format":"standard","meta":{"nf_dc_page":"","_monsterinsights_skip_tracking":false,"_monsterinsights_sitenote_active":false,"_monsterinsights_sitenote_note":"","_monsterinsights_sitenote_category":0,"_jetpack_memberships_contains_paid_content":false,"footnotes":""},"categories":[261],"tags":[],"class_list":["post-1898","post","type-post","status-publish","format-standard","has-post-thumbnail","hentry","category-dye"],"yoast_head":"<!-- This site is optimized with the Yoast SEO plugin v27.5 - https:\/\/yoast.com\/product\/yoast-seo-wordpress\/ -->\n<title>Albinos Can Dye Hair to Black, Blonde, and Any Colors, Here&#039;s Your Guide<\/title>\n<meta name=\"description\" content=\"Can Albinos dye their hair? Yes! You can dye hair to black, blonde, pink, and any other colors you like. Just follow this guide.\" \/>\n<meta name=\"robots\" content=\"index, follow, max-snippet:-1, max-image-preview:large, max-video-preview:-1\" \/>\n<link rel=\"canonical\" href=\"https:\/\/cajochy.com\/cs\/can-albinos-dye-their-hair\/\" \/>\n<meta property=\"og:locale\" content=\"cs_CZ\" \/>\n<meta property=\"og:type\" content=\"article\" \/>\n<meta property=\"og:title\" content=\"Albinos Can Dye Hair to Black, Blonde, and Any Colors, Here&#039;s Your Guide\" \/>\n<meta property=\"og:description\" content=\"Can Albinos dye their hair? Yes! You can dye hair to black, blonde, pink, and any other colors you like. Just follow this guide.\" \/>\n<meta property=\"og:url\" content=\"https:\/\/cajochy.com\/cs\/can-albinos-dye-their-hair\/\" \/>\n<meta property=\"og:site_name\" content=\"Cajochy\" \/>\n<meta property=\"article:published_time\" content=\"2022-05-17T12:20:47+00:00\" \/>\n<meta property=\"article:modified_time\" content=\"2023-02-12T08:36:38+00:00\" \/>\n<meta property=\"og:image\" content=\"https:\/\/cajochy.com\/wp-content\/uploads\/2022\/05\/can-albinos-dye-their-hair.jpg\" \/>\n\t<meta property=\"og:image:width\" content=\"700\" \/>\n\t<meta property=\"og:image:height\" content=\"400\" \/>\n\t<meta property=\"og:image:type\" content=\"image\/jpeg\" \/>\n<meta name=\"author\" content=\"Carol\" \/>\n<meta name=\"twitter:card\" content=\"summary_large_image\" \/>\n<meta name=\"twitter:label1\" content=\"Napsal(a)\" \/>\n\t<meta name=\"twitter:data1\" content=\"Carol\" \/>\n\t<meta name=\"twitter:label2\" content=\"Odhadovan\u00e1 doba \u010dten\u00ed\" \/>\n\t<meta name=\"twitter:data2\" content=\"6 minut\" \/>\n<script type=\"application\/ld+json\" class=\"yoast-schema-graph\">{\"@context\":\"https:\\\/\\\/schema.org\",\"@graph\":[{\"@type\":\"Article\",\"@id\":\"https:\\\/\\\/cajochy.com\\\/can-albinos-dye-their-hair\\\/#article\",\"isPartOf\":{\"@id\":\"https:\\\/\\\/cajochy.com\\\/can-albinos-dye-their-hair\\\/\"},\"author\":{\"name\":\"Carol\",\"@id\":\"https:\\\/\\\/cajochy.com\\\/#\\\/schema\\\/person\\\/8514995bf52bc70b213fac44bc1cf376\"},\"headline\":\"Can Albinos Dye Their Hair? Yes, Here Is the Tutorial\",\"datePublished\":\"2022-05-17T12:20:47+00:00\",\"dateModified\":\"2023-02-12T08:36:38+00:00\",\"mainEntityOfPage\":{\"@id\":\"https:\\\/\\\/cajochy.com\\\/can-albinos-dye-their-hair\\\/\"},\"wordCount\":1156,\"publisher\":{\"@id\":\"https:\\\/\\\/cajochy.com\\\/#organization\"},\"image\":{\"@id\":\"https:\\\/\\\/cajochy.com\\\/can-albinos-dye-their-hair\\\/#primaryimage\"},\"thumbnailUrl\":\"https:\\\/\\\/i0.wp.com\\\/cajochy.com\\\/wp-content\\\/uploads\\\/2022\\\/05\\\/can-albinos-dye-their-hair.jpg?fit=700%2C400&ssl=1\",\"articleSection\":[\"Dye\"],\"inLanguage\":\"cs\"},{\"@type\":[\"WebPage\",\"FAQPage\"],\"@id\":\"https:\\\/\\\/cajochy.com\\\/can-albinos-dye-their-hair\\\/\",\"url\":\"https:\\\/\\\/cajochy.com\\\/can-albinos-dye-their-hair\\\/\",\"name\":\"Albinos Can Dye Hair to Black, Blonde, and Any Colors, Here's Your Guide\",\"isPartOf\":{\"@id\":\"https:\\\/\\\/cajochy.com\\\/#website\"},\"primaryImageOfPage\":{\"@id\":\"https:\\\/\\\/cajochy.com\\\/can-albinos-dye-their-hair\\\/#primaryimage\"},\"image\":{\"@id\":\"https:\\\/\\\/cajochy.com\\\/can-albinos-dye-their-hair\\\/#primaryimage\"},\"thumbnailUrl\":\"https:\\\/\\\/i0.wp.com\\\/cajochy.com\\\/wp-content\\\/uploads\\\/2022\\\/05\\\/can-albinos-dye-their-hair.jpg?fit=700%2C400&ssl=1\",\"datePublished\":\"2022-05-17T12:20:47+00:00\",\"dateModified\":\"2023-02-12T08:36:38+00:00\",\"description\":\"Can Albinos dye their hair? Yes! You can dye hair to black, blonde, pink, and any other colors you like. Just follow this guide.\",\"breadcrumb\":{\"@id\":\"https:\\\/\\\/cajochy.com\\\/can-albinos-dye-their-hair\\\/#breadcrumb\"},\"mainEntity\":[{\"@id\":\"https:\\\/\\\/cajochy.com\\\/can-albinos-dye-their-hair\\\/#faq-question-1652788869135\"},{\"@id\":\"https:\\\/\\\/cajochy.com\\\/can-albinos-dye-their-hair\\\/#faq-question-1652788888469\"},{\"@id\":\"https:\\\/\\\/cajochy.com\\\/can-albinos-dye-their-hair\\\/#faq-question-1652788904634\"}],\"inLanguage\":\"cs\",\"potentialAction\":[{\"@type\":\"ReadAction\",\"target\":[\"https:\\\/\\\/cajochy.com\\\/can-albinos-dye-their-hair\\\/\"]}]},{\"@type\":\"ImageObject\",\"inLanguage\":\"cs\",\"@id\":\"https:\\\/\\\/cajochy.com\\\/can-albinos-dye-their-hair\\\/#primaryimage\",\"url\":\"https:\\\/\\\/i0.wp.com\\\/cajochy.com\\\/wp-content\\\/uploads\\\/2022\\\/05\\\/can-albinos-dye-their-hair.jpg?fit=700%2C400&ssl=1\",\"contentUrl\":\"https:\\\/\\\/i0.wp.com\\\/cajochy.com\\\/wp-content\\\/uploads\\\/2022\\\/05\\\/can-albinos-dye-their-hair.jpg?fit=700%2C400&ssl=1\",\"width\":700,\"height\":400,\"caption\":\"can albinos dye their hair\"},{\"@type\":\"BreadcrumbList\",\"@id\":\"https:\\\/\\\/cajochy.com\\\/can-albinos-dye-their-hair\\\/#breadcrumb\",\"itemListElement\":[{\"@type\":\"ListItem\",\"position\":1,\"name\":\"Home\",\"item\":\"https:\\\/\\\/cajochy.com\\\/\"},{\"@type\":\"ListItem\",\"position\":2,\"name\":\"Can Albinos Dye Their Hair? Yes, Here Is the Tutorial\"}]},{\"@type\":\"WebSite\",\"@id\":\"https:\\\/\\\/cajochy.com\\\/#website\",\"url\":\"https:\\\/\\\/cajochy.com\\\/\",\"name\":\"Cajochy\",\"description\":\"Reduce Hair Loss and Regrow Hair with Chemical-Free Tricks\",\"publisher\":{\"@id\":\"https:\\\/\\\/cajochy.com\\\/#organization\"},\"potentialAction\":[{\"@type\":\"SearchAction\",\"target\":{\"@type\":\"EntryPoint\",\"urlTemplate\":\"https:\\\/\\\/cajochy.com\\\/?s={search_term_string}\"},\"query-input\":{\"@type\":\"PropertyValueSpecification\",\"valueRequired\":true,\"valueName\":\"search_term_string\"}}],\"inLanguage\":\"cs\"},{\"@type\":\"Organization\",\"@id\":\"https:\\\/\\\/cajochy.com\\\/#organization\",\"name\":\"Cajochy\",\"url\":\"https:\\\/\\\/cajochy.com\\\/\",\"logo\":{\"@type\":\"ImageObject\",\"inLanguage\":\"cs\",\"@id\":\"https:\\\/\\\/cajochy.com\\\/#\\\/schema\\\/logo\\\/image\\\/\",\"url\":\"https:\\\/\\\/cajochy.com\\\/wp-content\\\/uploads\\\/2020\\\/09\\\/cropped-cajochy-image-logo-icon.jpg\",\"contentUrl\":\"https:\\\/\\\/cajochy.com\\\/wp-content\\\/uploads\\\/2020\\\/09\\\/cropped-cajochy-image-logo-icon.jpg\",\"width\":512,\"height\":512,\"caption\":\"Cajochy\"},\"image\":{\"@id\":\"https:\\\/\\\/cajochy.com\\\/#\\\/schema\\\/logo\\\/image\\\/\"}},{\"@type\":\"Person\",\"@id\":\"https:\\\/\\\/cajochy.com\\\/#\\\/schema\\\/person\\\/8514995bf52bc70b213fac44bc1cf376\",\"name\":\"Carol\",\"description\":\"Focusing on hair care myths and common misconceptions about wigs. Your hair can be better with a little effort.\",\"url\":\"https:\\\/\\\/cajochy.com\\\/cs\\\/author\\\/lectjacobrobinson\\\/\"},{\"@type\":\"Question\",\"@id\":\"https:\\\/\\\/cajochy.com\\\/can-albinos-dye-their-hair\\\/#faq-question-1652788869135\",\"position\":1,\"url\":\"https:\\\/\\\/cajochy.com\\\/can-albinos-dye-their-hair\\\/#faq-question-1652788869135\",\"name\":\"Can albino people dye their hair by themselves?\",\"answerCount\":1,\"acceptedAnswer\":{\"@type\":\"Answer\",\"text\":\"Yes, if you are albino you can dye your hair on your own.\",\"inLanguage\":\"cs\"},\"inLanguage\":\"cs\"},{\"@type\":\"Question\",\"@id\":\"https:\\\/\\\/cajochy.com\\\/can-albinos-dye-their-hair\\\/#faq-question-1652788888469\",\"position\":2,\"url\":\"https:\\\/\\\/cajochy.com\\\/can-albinos-dye-their-hair\\\/#faq-question-1652788888469\",\"name\":\"Can albinos dye their hair better than a pro?\",\"answerCount\":1,\"acceptedAnswer\":{\"@type\":\"Answer\",\"text\":\"This depends on your ability to hone your hair dyeing skills.\",\"inLanguage\":\"cs\"},\"inLanguage\":\"cs\"},{\"@type\":\"Question\",\"@id\":\"https:\\\/\\\/cajochy.com\\\/can-albinos-dye-their-hair\\\/#faq-question-1652788904634\",\"position\":3,\"url\":\"https:\\\/\\\/cajochy.com\\\/can-albinos-dye-their-hair\\\/#faq-question-1652788904634\",\"name\":\"When can people with albinism dye their hair without fear of a reaction?\",\"answerCount\":1,\"acceptedAnswer\":{\"@type\":\"Answer\",\"text\":\"You may dye your hair after passing the skin test.\",\"inLanguage\":\"cs\"},\"inLanguage\":\"cs\"}]}<\/script>\n<!-- \/ Yoast SEO plugin. -->","yoast_head_json":{"title":"Alb\u00edni mohou obarvit vlasy na \u010dernou, blond a jakoukoli barvu, zde je v\u00e1\u0161 pr\u016fvodce","description":"Mohou si alb\u00edni barvit vlasy? Ano! Vlasy m\u016f\u017eete barvit na \u010dernou, blond, r\u016f\u017eovou a jak\u00e9koli jin\u00e9 barvy, kter\u00e9 se v\u00e1m l\u00edb\u00ed. Postupujte podle tohoto n\u00e1vodu.","robots":{"index":"index","follow":"follow","max-snippet":"max-snippet:-1","max-image-preview":"max-image-preview:large","max-video-preview":"max-video-preview:-1"},"canonical":"https:\/\/cajochy.com\/cs\/can-albinos-dye-their-hair\/","og_locale":"cs_CZ","og_type":"article","og_title":"Albinos Can Dye Hair to Black, Blonde, and Any Colors, Here's Your Guide","og_description":"Can Albinos dye their hair? Yes! You can dye hair to black, blonde, pink, and any other colors you like. Just follow this guide.","og_url":"https:\/\/cajochy.com\/cs\/can-albinos-dye-their-hair\/","og_site_name":"Cajochy","article_published_time":"2022-05-17T12:20:47+00:00","article_modified_time":"2023-02-12T08:36:38+00:00","og_image":[{"width":700,"height":400,"url":"https:\/\/cajochy.com\/wp-content\/uploads\/2022\/05\/can-albinos-dye-their-hair.jpg","type":"image\/jpeg"}],"author":"Carol","twitter_card":"summary_large_image","twitter_misc":{"Napsal(a)":"Carol","Odhadovan\u00e1 doba \u010dten\u00ed":"6 minut"},"schema":{"@context":"https:\/\/schema.org","@graph":[{"@type":"Article","@id":"https:\/\/cajochy.com\/can-albinos-dye-their-hair\/#article","isPartOf":{"@id":"https:\/\/cajochy.com\/can-albinos-dye-their-hair\/"},"author":{"name":"Carol","@id":"https:\/\/cajochy.com\/#\/schema\/person\/8514995bf52bc70b213fac44bc1cf376"},"headline":"Can Albinos Dye Their Hair? Yes, Here Is the Tutorial","datePublished":"2022-05-17T12:20:47+00:00","dateModified":"2023-02-12T08:36:38+00:00","mainEntityOfPage":{"@id":"https:\/\/cajochy.com\/can-albinos-dye-their-hair\/"},"wordCount":1156,"publisher":{"@id":"https:\/\/cajochy.com\/#organization"},"image":{"@id":"https:\/\/cajochy.com\/can-albinos-dye-their-hair\/#primaryimage"},"thumbnailUrl":"https:\/\/i0.wp.com\/cajochy.com\/wp-content\/uploads\/2022\/05\/can-albinos-dye-their-hair.jpg?fit=700%2C400&ssl=1","articleSection":["Dye"],"inLanguage":"cs"},{"@type":["WebPage","FAQPage"],"@id":"https:\/\/cajochy.com\/can-albinos-dye-their-hair\/","url":"https:\/\/cajochy.com\/can-albinos-dye-their-hair\/","name":"Alb\u00edni mohou obarvit vlasy na \u010dernou, blond a jakoukoli barvu, zde je v\u00e1\u0161 pr\u016fvodce","isPartOf":{"@id":"https:\/\/cajochy.com\/#website"},"primaryImageOfPage":{"@id":"https:\/\/cajochy.com\/can-albinos-dye-their-hair\/#primaryimage"},"image":{"@id":"https:\/\/cajochy.com\/can-albinos-dye-their-hair\/#primaryimage"},"thumbnailUrl":"https:\/\/i0.wp.com\/cajochy.com\/wp-content\/uploads\/2022\/05\/can-albinos-dye-their-hair.jpg?fit=700%2C400&ssl=1","datePublished":"2022-05-17T12:20:47+00:00","dateModified":"2023-02-12T08:36:38+00:00","description":"Mohou si alb\u00edni barvit vlasy? Ano! Vlasy m\u016f\u017eete barvit na \u010dernou, blond, r\u016f\u017eovou a jak\u00e9koli jin\u00e9 barvy, kter\u00e9 se v\u00e1m l\u00edb\u00ed. Postupujte podle tohoto n\u00e1vodu.","breadcrumb":{"@id":"https:\/\/cajochy.com\/can-albinos-dye-their-hair\/#breadcrumb"},"mainEntity":[{"@id":"https:\/\/cajochy.com\/can-albinos-dye-their-hair\/#faq-question-1652788869135"},{"@id":"https:\/\/cajochy.com\/can-albinos-dye-their-hair\/#faq-question-1652788888469"},{"@id":"https:\/\/cajochy.com\/can-albinos-dye-their-hair\/#faq-question-1652788904634"}],"inLanguage":"cs","potentialAction":[{"@type":"ReadAction","target":["https:\/\/cajochy.com\/can-albinos-dye-their-hair\/"]}]},{"@type":"ImageObject","inLanguage":"cs","@id":"https:\/\/cajochy.com\/can-albinos-dye-their-hair\/#primaryimage","url":"https:\/\/i0.wp.com\/cajochy.com\/wp-content\/uploads\/2022\/05\/can-albinos-dye-their-hair.jpg?fit=700%2C400&ssl=1","contentUrl":"https:\/\/i0.wp.com\/cajochy.com\/wp-content\/uploads\/2022\/05\/can-albinos-dye-their-hair.jpg?fit=700%2C400&ssl=1","width":700,"height":400,"caption":"can albinos dye their hair"},{"@type":"BreadcrumbList","@id":"https:\/\/cajochy.com\/can-albinos-dye-their-hair\/#breadcrumb","itemListElement":[{"@type":"ListItem","position":1,"name":"Home","item":"https:\/\/cajochy.com\/"},{"@type":"ListItem","position":2,"name":"Can Albinos Dye Their Hair? Yes, Here Is the Tutorial"}]},{"@type":"WebSite","@id":"https:\/\/cajochy.com\/#website","url":"https:\/\/cajochy.com\/","name":"Cajochy","description":"Sni\u017ete vypad\u00e1v\u00e1n\u00ed vlas\u016f a obnovte jejich r\u016fst pomoc\u00ed trik\u016f bez chemik\u00e1li\u00ed","publisher":{"@id":"https:\/\/cajochy.com\/#organization"},"potentialAction":[{"@type":"SearchAction","target":{"@type":"EntryPoint","urlTemplate":"https:\/\/cajochy.com\/?s={search_term_string}"},"query-input":{"@type":"PropertyValueSpecification","valueRequired":true,"valueName":"search_term_string"}}],"inLanguage":"cs"},{"@type":"Organization","@id":"https:\/\/cajochy.com\/#organization","name":"Cajochy","url":"https:\/\/cajochy.com\/","logo":{"@type":"ImageObject","inLanguage":"cs","@id":"https:\/\/cajochy.com\/#\/schema\/logo\/image\/","url":"https:\/\/cajochy.com\/wp-content\/uploads\/2020\/09\/cropped-cajochy-image-logo-icon.jpg","contentUrl":"https:\/\/cajochy.com\/wp-content\/uploads\/2020\/09\/cropped-cajochy-image-logo-icon.jpg","width":512,"height":512,"caption":"Cajochy"},"image":{"@id":"https:\/\/cajochy.com\/#\/schema\/logo\/image\/"}},{"@type":"Person","@id":"https:\/\/cajochy.com\/#\/schema\/person\/8514995bf52bc70b213fac44bc1cf376","name":"Koleda","description":"Zam\u011b\u0159en\u00ed na m\u00fdty o p\u00e9\u010di o vlasy a b\u011b\u017en\u00e9 myln\u00e9 p\u0159edstavy o paruk\u00e1ch. S trochou snahy mohou b\u00fdt va\u0161e vlasy lep\u0161\u00ed.","url":"https:\/\/cajochy.com\/cs\/author\/lectjacobrobinson\/"},{"@type":"Question","@id":"https:\/\/cajochy.com\/can-albinos-dye-their-hair\/#faq-question-1652788869135","position":1,"url":"https:\/\/cajochy.com\/can-albinos-dye-their-hair\/#faq-question-1652788869135","name":"Mohou si alb\u00edni barvit vlasy sami?","answerCount":1,"acceptedAnswer":{"@type":"Answer","text":"Yes, if you are albino you can dye your hair on your own.","inLanguage":"cs"},"inLanguage":"cs"},{"@type":"Question","@id":"https:\/\/cajochy.com\/can-albinos-dye-their-hair\/#faq-question-1652788888469","position":2,"url":"https:\/\/cajochy.com\/can-albinos-dye-their-hair\/#faq-question-1652788888469","name":"Mohou si alb\u00edni barvit vlasy l\u00e9pe ne\u017e profesion\u00e1l?","answerCount":1,"acceptedAnswer":{"@type":"Answer","text":"This depends on your ability to hone your hair dyeing skills.","inLanguage":"cs"},"inLanguage":"cs"},{"@type":"Question","@id":"https:\/\/cajochy.com\/can-albinos-dye-their-hair\/#faq-question-1652788904634","position":3,"url":"https:\/\/cajochy.com\/can-albinos-dye-their-hair\/#faq-question-1652788904634","name":"Kdy si mohou lid\u00e9 s albinismem barvit vlasy bez obav z reakce?","answerCount":1,"acceptedAnswer":{"@type":"Answer","text":"You may dye your hair after passing the skin test.","inLanguage":"cs"},"inLanguage":"cs"}]}},"jetpack_featured_media_url":"https:\/\/i0.wp.com\/cajochy.com\/wp-content\/uploads\/2022\/05\/can-albinos-dye-their-hair.jpg?fit=700%2C400&ssl=1","jetpack_sharing_enabled":true,"_links":{"self":[{"href":"https:\/\/cajochy.com\/cs\/wp-json\/wp\/v2\/posts\/1898","targetHints":{"allow":["GET"]}}],"collection":[{"href":"https:\/\/cajochy.com\/cs\/wp-json\/wp\/v2\/posts"}],"about":[{"href":"https:\/\/cajochy.com\/cs\/wp-json\/wp\/v2\/types\/post"}],"author":[{"embeddable":true,"href":"https:\/\/cajochy.com\/cs\/wp-json\/wp\/v2\/users\/2"}],"replies":[{"embeddable":true,"href":"https:\/\/cajochy.com\/cs\/wp-json\/wp\/v2\/comments?post=1898"}],"version-history":[{"count":1,"href":"https:\/\/cajochy.com\/cs\/wp-json\/wp\/v2\/posts\/1898\/revisions"}],"predecessor-version":[{"id":1996,"href":"https:\/\/cajochy.com\/cs\/wp-json\/wp\/v2\/posts\/1898\/revisions\/1996"}],"wp:featuredmedia":[{"embeddable":true,"href":"https:\/\/cajochy.com\/cs\/wp-json\/wp\/v2\/media\/1900"}],"wp:attachment":[{"href":"https:\/\/cajochy.com\/cs\/wp-json\/wp\/v2\/media?parent=1898"}],"wp:term":[{"taxonomy":"category","embeddable":true,"href":"https:\/\/cajochy.com\/cs\/wp-json\/wp\/v2\/categories?post=1898"},{"taxonomy":"post_tag","embeddable":true,"href":"https:\/\/cajochy.com\/cs\/wp-json\/wp\/v2\/tags?post=1898"}],"curies":[{"name":"wp","href":"https:\/\/api.w.org\/{rel}","templated":true}]}}