{"id":1057,"date":"2020-08-28T07:25:13","date_gmt":"2020-08-28T07:25:13","guid":{"rendered":"https:\/\/cajochy.com\/?p=1057"},"modified":"2020-08-28T07:25:13","modified_gmt":"2020-08-28T07:25:13","slug":"wear-a-wig-cause-har-loss","status":"publish","type":"post","link":"https:\/\/cajochy.com\/cs\/wear-a-wig-cause-har-loss\/","title":{"rendered":"P\u0159i no\u0161en\u00ed paruky m\u016f\u017eete udr\u017eovat sv\u00e9 vlasy zdrav\u00e9, sta\u010d\u00ed se \u0159\u00eddit t\u00edmto"},"content":{"rendered":"<p><strong>Mohou v\u00e1m p\u0159i no\u0161en\u00ed paruky vypad\u00e1vat vlasy?<\/strong><\/p>\n<p><strong>\u017d\u00e1dn\u00fd.<\/strong> Sv\u00e9 vlasy m\u016f\u017eete udr\u017eovat zdrav\u00e9 pomoc\u00ed<strong> spr\u00e1vn\u00e1 velikost \u010depice paruky, no\u0161en\u00ed paruky, odstran\u011bn\u00ed paruky, myt\u00ed paruky a tipy na p\u00e9\u010di o vlasy.<\/strong><\/p>\n<p>Mo\u017en\u00e1 usly\u0161\u00edte, \u017ee va\u0161i soused\u00e9, p\u0159\u00e1tel\u00e9 nebo sest\u0159enice maj\u00ed po no\u0161en\u00ed paruk t\u011b\u017ek\u00e9 probl\u00e9my s vypad\u00e1v\u00e1n\u00edm vlas\u016f nebo dokonce ple\u0161atost\u00ed. Pak je no\u0161en\u00ed paruky pro va\u0161e vlasy \u0161patn\u00e9. je to pravda? Ob\u00e1v\u00e1m se, \u017ee ne.<\/p>\n<p>Ve skute\u010dnosti nespr\u00e1vn\u00e9 zp\u016fsoby no\u0161en\u00ed a \u00fadr\u017eby paruky povedou k po\u0161kozen\u00ed vlas\u016f a poko\u017eky hlavy. <strong>Pokud udr\u017eujete paruku a vlasy \u010dist\u00e9, nemus\u00edte se ob\u00e1vat, \u017ee no\u0161en\u00ed paruky zp\u016fsobuje probl\u00e9my s vypad\u00e1v\u00e1n\u00edm vlas\u016f.\u00a0<\/strong><\/p>\n<p>Ale skute\u010dn\u011b existuj\u00ed n\u011bkter\u00e9 \u0161patn\u00e9 n\u00e1vyky no\u0161en\u00ed paruk, kter\u00e9 byste m\u011bli napravit. V d\u016fsledku toho m\u016f\u017eete sn\u00ed\u017eit mo\u017enost probl\u00e9m\u016f s vypad\u00e1v\u00e1n\u00edm vlas\u016f v d\u016fsledku no\u0161en\u00ed paruky.<\/p>\n<p>&nbsp;<\/p>\n<ol>\n<li><strong>Nespr\u00e1vn\u00e1 velikost paruky<\/strong><\/li>\n<\/ol>\n<p><img data-recalc-dims=\"1\" loading=\"lazy\" decoding=\"async\" class=\"size-full wp-image-1062 alignright\" src=\"https:\/\/i0.wp.com\/cajochy.com\/wp-content\/uploads\/2020\/08\/long-curly-wig-for-female.jpg?resize=350%2C526&#038;ssl=1\" alt=\"z\u00edskejte lesklou a hladkou paruku pro \u017eeny\" width=\"350\" height=\"526\" srcset=\"https:\/\/i0.wp.com\/cajochy.com\/wp-content\/uploads\/2020\/08\/long-curly-wig-for-female.jpg?w=350&amp;ssl=1 350w, https:\/\/i0.wp.com\/cajochy.com\/wp-content\/uploads\/2020\/08\/long-curly-wig-for-female.jpg?resize=200%2C300&amp;ssl=1 200w, https:\/\/i0.wp.com\/cajochy.com\/wp-content\/uploads\/2020\/08\/long-curly-wig-for-female.jpg?resize=119%2C179&amp;ssl=1 119w, https:\/\/i0.wp.com\/cajochy.com\/wp-content\/uploads\/2020\/08\/long-curly-wig-for-female.jpg?resize=181%2C272&amp;ssl=1 181w, https:\/\/i0.wp.com\/cajochy.com\/wp-content\/uploads\/2020\/08\/long-curly-wig-for-female.jpg?resize=249%2C374&amp;ssl=1 249w, https:\/\/i0.wp.com\/cajochy.com\/wp-content\/uploads\/2020\/08\/long-curly-wig-for-female.jpg?resize=177%2C266&amp;ssl=1 177w, https:\/\/i0.wp.com\/cajochy.com\/wp-content\/uploads\/2020\/08\/long-curly-wig-for-female.jpg?resize=266%2C400&amp;ssl=1 266w, https:\/\/i0.wp.com\/cajochy.com\/wp-content\/uploads\/2020\/08\/long-curly-wig-for-female.jpg?resize=206%2C310&amp;ssl=1 206w, https:\/\/i0.wp.com\/cajochy.com\/wp-content\/uploads\/2020\/08\/long-curly-wig-for-female.jpg?resize=154%2C231&amp;ssl=1 154w, https:\/\/i0.wp.com\/cajochy.com\/wp-content\/uploads\/2020\/08\/long-curly-wig-for-female.jpg?resize=116%2C174&amp;ssl=1 116w, https:\/\/i0.wp.com\/cajochy.com\/wp-content\/uploads\/2020\/08\/long-curly-wig-for-female.jpg?resize=136%2C205&amp;ssl=1 136w, https:\/\/i0.wp.com\/cajochy.com\/wp-content\/uploads\/2020\/08\/long-curly-wig-for-female.jpg?resize=99%2C149&amp;ssl=1 99w, https:\/\/i0.wp.com\/cajochy.com\/wp-content\/uploads\/2020\/08\/long-curly-wig-for-female.jpg?resize=176%2C264&amp;ssl=1 176w\" sizes=\"auto, (max-width: 350px) 100vw, 350px\" \/>T\u011bsn\u00e9 paruky zp\u016fsob\u00ed vypad\u00e1v\u00e1n\u00ed vlas\u016f po cel\u00e9m obvodu hlavy. Pokud \u010dasto nos\u00edte pevnou paruku nebo prodlu\u017eovan\u00e9 vlasy, m\u016f\u017eete vid\u011bt vypad\u00e1v\u00e1n\u00ed vlas\u016f kolem vlasov\u00e9 linie. Proto jsou u paruk zten\u010duj\u00edc\u00ed se okraje.<\/p>\n<p>Symptom trak\u010dn\u00ed alopecie m\u016f\u017ee b\u00fdt opraven t\u00edm, \u017ee p\u0159estanete nosit tu t\u011bsnou paruku. Standardn\u00ed velikost \u010depice paruky je 22 \u2013 22,5 palce. Pokud je va\u0161e paruka p\u0159\u00edli\u0161 mal\u00e1, m\u016f\u017eete zaj\u00edt do obchodu s parukami ve va\u0161em okol\u00ed a z\u00edskat n\u00e1vrhy od prodejc\u016f.<\/p>\n<ol start=\"2\">\n<li><strong>P\u0159esta\u0148te pou\u017e\u00edvat lepidlo <\/strong><\/li>\n<\/ol>\n<p>Mo\u017en\u00e1 budete muset nalepit krajkov\u00e9 p\u0159edn\u00ed paruky a z\u00edskat konkr\u00e9tn\u00ed styl paruky. Lepidlo v\u0161ak nen\u00ed dobr\u00e9 pro zdrav\u00ed vlas\u016f. Pokud jste alergi\u010dt\u00ed na lepidlo, bude to hor\u0161\u00ed. Abyste zabr\u00e1nili vypad\u00e1v\u00e1n\u00ed vlas\u016f nebo l\u00e1m\u00e1n\u00ed paruky, m\u011bli byste sn\u00ed\u017eit frekvenci.<\/p>\n<ol start=\"3\">\n<li><strong>Vyberte si paruky bez \u010depice <\/strong><\/li>\n<\/ol>\n<p>Ujist\u011bte se, \u017ee va\u0161e poko\u017eka hlavy m\u016f\u017ee po no\u0161en\u00ed paruky d\u00fdchat. M\u016f\u017eete j\u00edt s parukou na test. Pokud se paruka nenos\u00ed pohodln\u011b, m\u011bli byste si vybrat novou. Ve srovn\u00e1n\u00ed s tradi\u010dn\u00edmi parukami maj\u00ed paruky bez \u010depice otev\u0159en\u00e9 \u00fatky na zadn\u00ed stran\u011b a na boc\u00edch. Tak m\u016f\u017ee proch\u00e1zet v\u00edce vzduchu a dostat se k poko\u017ece hlavy.<\/p>\n<ol start=\"4\">\n<li><strong>Udr\u017eujte sv\u00e9 p\u016fvodn\u00ed vlasy \u010dist\u00e9<\/strong><\/li>\n<\/ol>\n<p>Je pravda, \u017ee ostatn\u00ed p\u0159es paruku nevid\u00ed, jak\u00e9 jsou va\u0161e skute\u010dn\u00e9 vlasy. St\u00e1le v\u0161ak mus\u00edte pravideln\u011b \u0161amponovat a upravovat vlasy. P\u0159i no\u0161en\u00ed paruky je d\u016fle\u017eit\u00e9 spr\u00e1vn\u011b pe\u010dovat o vlasy. Pokud p\u0159ehl\u00e9dnete myt\u00ed vlas\u016f, va\u0161e vlasy budou rozcuchan\u00e9, <a href=\"https:\/\/cajochy.com\/cs\/hair\/scalp-smells-sour\/\"><strong>p\u00e1chnouc\u00ed<\/strong><\/a> a rozbitn\u00e9. No, to je d\u016fvod, pro\u010d n\u011bkte\u0159\u00ed lid\u00e9 denn\u011b nos\u00ed paruku br\u00e1n\u00ed r\u016fstu vlas\u016f.<\/p>\n<ol start=\"6\">\n<li><strong>P\u0159ipravte si v\u00edce ne\u017e jednu paruku<\/strong><\/li>\n<\/ol>\n<p><img data-recalc-dims=\"1\" loading=\"lazy\" decoding=\"async\" class=\"size-full wp-image-1059 alignright\" src=\"https:\/\/i0.wp.com\/cajochy.com\/wp-content\/uploads\/2020\/08\/long-curly-shiny-wig.jpg?resize=400%2C533&#038;ssl=1\" alt=\"po\u0159i\u010fte si lesklou m\u011bkkou a velmi kudrnatou paruku pro \u017eeny\" width=\"400\" height=\"533\" srcset=\"https:\/\/i0.wp.com\/cajochy.com\/wp-content\/uploads\/2020\/08\/long-curly-shiny-wig.jpg?w=400&amp;ssl=1 400w, https:\/\/i0.wp.com\/cajochy.com\/wp-content\/uploads\/2020\/08\/long-curly-shiny-wig.jpg?resize=225%2C300&amp;ssl=1 225w, https:\/\/i0.wp.com\/cajochy.com\/wp-content\/uploads\/2020\/08\/long-curly-shiny-wig.jpg?resize=134%2C179&amp;ssl=1 134w, https:\/\/i0.wp.com\/cajochy.com\/wp-content\/uploads\/2020\/08\/long-curly-shiny-wig.jpg?resize=204%2C272&amp;ssl=1 204w, https:\/\/i0.wp.com\/cajochy.com\/wp-content\/uploads\/2020\/08\/long-curly-shiny-wig.jpg?resize=281%2C374&amp;ssl=1 281w, https:\/\/i0.wp.com\/cajochy.com\/wp-content\/uploads\/2020\/08\/long-curly-shiny-wig.jpg?resize=200%2C266&amp;ssl=1 200w, https:\/\/i0.wp.com\/cajochy.com\/wp-content\/uploads\/2020\/08\/long-curly-shiny-wig.jpg?resize=300%2C400&amp;ssl=1 300w, https:\/\/i0.wp.com\/cajochy.com\/wp-content\/uploads\/2020\/08\/long-curly-shiny-wig.jpg?resize=233%2C310&amp;ssl=1 233w, https:\/\/i0.wp.com\/cajochy.com\/wp-content\/uploads\/2020\/08\/long-curly-shiny-wig.jpg?resize=173%2C231&amp;ssl=1 173w, https:\/\/i0.wp.com\/cajochy.com\/wp-content\/uploads\/2020\/08\/long-curly-shiny-wig.jpg?resize=131%2C174&amp;ssl=1 131w, https:\/\/i0.wp.com\/cajochy.com\/wp-content\/uploads\/2020\/08\/long-curly-shiny-wig.jpg?resize=154%2C205&amp;ssl=1 154w, https:\/\/i0.wp.com\/cajochy.com\/wp-content\/uploads\/2020\/08\/long-curly-shiny-wig.jpg?resize=112%2C149&amp;ssl=1 112w, https:\/\/i0.wp.com\/cajochy.com\/wp-content\/uploads\/2020\/08\/long-curly-shiny-wig.jpg?resize=198%2C264&amp;ssl=1 198w\" sizes=\"auto, (max-width: 400px) 100vw, 400px\" \/>Do jist\u00e9 m\u00edry jsou paruky sou\u010d\u00e1st\u00ed va\u0161eho oble\u010den\u00ed. Pokud va\u0161e paruka vypad\u00e1 nebo nevon\u00ed dob\u0159e, mus\u00edte si d\u00e1t n\u011bjak\u00fd \u010das na jej\u00ed umyt\u00ed a vysu\u0161en\u00ed. Zde jsou 2 kompletn\u00ed tutori\u00e1ly, kter\u00e9 m\u016f\u017eete sledovat.<\/p>\n<ul>\n<li><strong><a href=\"https:\/\/cajochy.com\/cs\/wash-a-human-hair-wig\/wash-a-human-hair-wig\/\">um\u00fdt a zm\u011bk\u010dit paruky z lidsk\u00fdch vlas\u016f<\/a><\/strong><\/li>\n<li><strong><a href=\"https:\/\/cajochy.com\/cs\/wash-a-synthetic-wig\/wash-a-synthetic-wig\/\">perte a udr\u017eujte paruky ze syntetick\u00fdch vlas\u016f <\/a><\/strong><\/li>\n<\/ul>\n<p>B\u011bhem obdob\u00ed pran\u00ed a su\u0161en\u00ed paruky m\u016f\u017eete nosit novou paruku.<\/p>\n<ol start=\"7\">\n<li><strong>Citliv\u00e9 osoby by m\u011bly nosit paruky z lidsk\u00fdch vlas\u016f \u00a0\u00a0<\/strong><\/li>\n<\/ol>\n<p>Po no\u0161en\u00ed paruk v\u00e1s m\u016f\u017ee sv\u011bdit poko\u017eka hlavy. Syntetick\u00e9 paruky toti\u017e nejsou \u0161etrn\u00e9 k citliv\u00e9 poko\u017ece hlavy. Syntetick\u00e9 materi\u00e1ly paruky mohou zp\u016fsobit sv\u011bd\u011bn\u00ed, p\u00e1len\u00ed a citlivost poko\u017eky hlavy. Pokud trv\u00e1te na no\u0161en\u00ed paruky ze syntetick\u00fdch vlas\u016f, pak v\u00e1m vlasy budou padat.<\/p>\n<ol start=\"8\">\n<li><strong>Nenoste paruky ka\u017ed\u00fd den <\/strong><\/li>\n<\/ol>\n<p>I kdy\u017e m\u016f\u017eete nosit paruky, abyste zm\u011bnili barvu vlas\u016f, \u00fa\u010des a skryli n\u011bkter\u00e9 probl\u00e9my s vlasy, st\u00e1le mus\u00edte v\u011bnovat n\u011bjak\u00fd \u010das vlastn\u00edm vlas\u016fm. Doporu\u010duje se v\u011bnovat jeden den t\u00fddn\u011b bez paruky. Jen dop\u0159ejte vlas\u016fm a vlasov\u00e9 poko\u017ece pauzu. Tento \u010das m\u016f\u017eete vyu\u017e\u00edt i vy <strong><a href=\"https:\/\/cajochy.com\/cs\/wig\/wig-washing-and-care-tips\/\">p\u00e9\u010de o paruky<\/a><\/strong> a prodlou\u017eit \u017eivotnost paruky.<\/p>\n<p>Vypad\u00e1v\u00e1n\u00ed vlas\u016f nen\u00ed zp\u016fsobeno no\u0161en\u00edm paruky. Pokud obejdete v\u00fd\u0161e uveden\u00e9 chyby p\u0159i no\u0161en\u00ed paruky, m\u016f\u017eete vlasy snadno chr\u00e1nit p\u0159ed po\u0161kozen\u00edm.<\/p>\n<p>&nbsp;<\/p>","protected":false},"excerpt":{"rendered":"<p>Can wearing a wig make your hair fall out? No. You can keep your hair healthy with the proper wig cap size, wig wearing, wig removal,<span class=\"excerpt-hellip\"> [\u2026]<\/span><\/p>\n","protected":false},"author":2,"featured_media":1058,"comment_status":"open","ping_status":"open","sticky":false,"template":"","format":"standard","meta":{"nf_dc_page":"","_monsterinsights_skip_tracking":false,"_monsterinsights_sitenote_active":false,"_monsterinsights_sitenote_note":"","_monsterinsights_sitenote_category":0,"_jetpack_memberships_contains_paid_content":false,"footnotes":""},"categories":[16],"tags":[],"class_list":["post-1057","post","type-post","status-publish","format-standard","has-post-thumbnail","hentry","category-hair"],"yoast_head":"<!-- This site is optimized with the Yoast SEO plugin v27.5 - https:\/\/yoast.com\/product\/yoast-seo-wordpress\/ -->\n<title>Wear a Wig Can Cause Hair Loss \u2013 True or False<\/title>\n<meta name=\"description\" content=\"If you are worry whether wearing a wig cause hair loss, you can check this article to get the detailed analyzations. Here\u2019re useful tips and tricks to make your hair healthy under wigs.\" \/>\n<meta name=\"robots\" content=\"index, follow, max-snippet:-1, max-image-preview:large, max-video-preview:-1\" \/>\n<link rel=\"canonical\" href=\"https:\/\/cajochy.com\/cs\/wear-a-wig-cause-har-loss\/\" \/>\n<meta property=\"og:locale\" content=\"cs_CZ\" \/>\n<meta property=\"og:type\" content=\"article\" \/>\n<meta property=\"og:title\" content=\"Wear a Wig Can Cause Hair Loss \u2013 True or False\" \/>\n<meta property=\"og:description\" content=\"If you are worry whether wearing a wig cause hair loss, you can check this article to get the detailed analyzations. Here\u2019re useful tips and tricks to make your hair healthy under wigs.\" \/>\n<meta property=\"og:url\" content=\"https:\/\/cajochy.com\/cs\/wear-a-wig-cause-har-loss\/\" \/>\n<meta property=\"og:site_name\" content=\"Cajochy\" \/>\n<meta property=\"article:published_time\" content=\"2020-08-28T07:25:13+00:00\" \/>\n<meta property=\"og:image\" content=\"https:\/\/cajochy.com\/wp-content\/uploads\/2020\/08\/wear-a-wig-cause-hair-loss-e1598598745174.jpg\" \/>\n\t<meta property=\"og:image:width\" content=\"880\" \/>\n\t<meta property=\"og:image:height\" content=\"532\" \/>\n\t<meta property=\"og:image:type\" content=\"image\/jpeg\" \/>\n<meta name=\"author\" content=\"Carol\" \/>\n<meta name=\"twitter:card\" content=\"summary_large_image\" \/>\n<meta name=\"twitter:label1\" content=\"Napsal(a)\" \/>\n\t<meta name=\"twitter:data1\" content=\"Carol\" \/>\n\t<meta name=\"twitter:label2\" content=\"Odhadovan\u00e1 doba \u010dten\u00ed\" \/>\n\t<meta name=\"twitter:data2\" content=\"3 minuty\" \/>\n<script type=\"application\/ld+json\" class=\"yoast-schema-graph\">{\"@context\":\"https:\\\/\\\/schema.org\",\"@graph\":[{\"@type\":\"Article\",\"@id\":\"https:\\\/\\\/cajochy.com\\\/wear-a-wig-cause-har-loss\\\/#article\",\"isPartOf\":{\"@id\":\"https:\\\/\\\/cajochy.com\\\/wear-a-wig-cause-har-loss\\\/\"},\"author\":{\"name\":\"Carol\",\"@id\":\"https:\\\/\\\/cajochy.com\\\/#\\\/schema\\\/person\\\/8514995bf52bc70b213fac44bc1cf376\"},\"headline\":\"You can Keep Your Hair Healthy While Wearing a Wig, Just Follow This\",\"datePublished\":\"2020-08-28T07:25:13+00:00\",\"mainEntityOfPage\":{\"@id\":\"https:\\\/\\\/cajochy.com\\\/wear-a-wig-cause-har-loss\\\/\"},\"wordCount\":630,\"commentCount\":1,\"publisher\":{\"@id\":\"https:\\\/\\\/cajochy.com\\\/#organization\"},\"image\":{\"@id\":\"https:\\\/\\\/cajochy.com\\\/wear-a-wig-cause-har-loss\\\/#primaryimage\"},\"thumbnailUrl\":\"https:\\\/\\\/i0.wp.com\\\/cajochy.com\\\/wp-content\\\/uploads\\\/2020\\\/08\\\/wear-a-wig-cause-hair-loss-e1598598745174.jpg?fit=880%2C532&ssl=1\",\"articleSection\":[\"Hair Health\"],\"inLanguage\":\"cs\",\"potentialAction\":[{\"@type\":\"CommentAction\",\"name\":\"Comment\",\"target\":[\"https:\\\/\\\/cajochy.com\\\/wear-a-wig-cause-har-loss\\\/#respond\"]}]},{\"@type\":\"WebPage\",\"@id\":\"https:\\\/\\\/cajochy.com\\\/wear-a-wig-cause-har-loss\\\/\",\"url\":\"https:\\\/\\\/cajochy.com\\\/wear-a-wig-cause-har-loss\\\/\",\"name\":\"Wear a Wig Can Cause Hair Loss \u2013 True or False\",\"isPartOf\":{\"@id\":\"https:\\\/\\\/cajochy.com\\\/#website\"},\"primaryImageOfPage\":{\"@id\":\"https:\\\/\\\/cajochy.com\\\/wear-a-wig-cause-har-loss\\\/#primaryimage\"},\"image\":{\"@id\":\"https:\\\/\\\/cajochy.com\\\/wear-a-wig-cause-har-loss\\\/#primaryimage\"},\"thumbnailUrl\":\"https:\\\/\\\/i0.wp.com\\\/cajochy.com\\\/wp-content\\\/uploads\\\/2020\\\/08\\\/wear-a-wig-cause-hair-loss-e1598598745174.jpg?fit=880%2C532&ssl=1\",\"datePublished\":\"2020-08-28T07:25:13+00:00\",\"description\":\"If you are worry whether wearing a wig cause hair loss, you can check this article to get the detailed analyzations. Here\u2019re useful tips and tricks to make your hair healthy under wigs.\",\"breadcrumb\":{\"@id\":\"https:\\\/\\\/cajochy.com\\\/wear-a-wig-cause-har-loss\\\/#breadcrumb\"},\"inLanguage\":\"cs\",\"potentialAction\":[{\"@type\":\"ReadAction\",\"target\":[\"https:\\\/\\\/cajochy.com\\\/wear-a-wig-cause-har-loss\\\/\"]}]},{\"@type\":\"ImageObject\",\"inLanguage\":\"cs\",\"@id\":\"https:\\\/\\\/cajochy.com\\\/wear-a-wig-cause-har-loss\\\/#primaryimage\",\"url\":\"https:\\\/\\\/i0.wp.com\\\/cajochy.com\\\/wp-content\\\/uploads\\\/2020\\\/08\\\/wear-a-wig-cause-hair-loss-e1598598745174.jpg?fit=880%2C532&ssl=1\",\"contentUrl\":\"https:\\\/\\\/i0.wp.com\\\/cajochy.com\\\/wp-content\\\/uploads\\\/2020\\\/08\\\/wear-a-wig-cause-hair-loss-e1598598745174.jpg?fit=880%2C532&ssl=1\",\"width\":880,\"height\":532,\"caption\":\"wear a wig will not cause hair loss\"},{\"@type\":\"BreadcrumbList\",\"@id\":\"https:\\\/\\\/cajochy.com\\\/wear-a-wig-cause-har-loss\\\/#breadcrumb\",\"itemListElement\":[{\"@type\":\"ListItem\",\"position\":1,\"name\":\"Home\",\"item\":\"https:\\\/\\\/cajochy.com\\\/\"},{\"@type\":\"ListItem\",\"position\":2,\"name\":\"You can Keep Your Hair Healthy While Wearing a Wig, Just Follow This\"}]},{\"@type\":\"WebSite\",\"@id\":\"https:\\\/\\\/cajochy.com\\\/#website\",\"url\":\"https:\\\/\\\/cajochy.com\\\/\",\"name\":\"Cajochy\",\"description\":\"Reduce Hair Loss and Regrow Hair with Chemical-Free Tricks\",\"publisher\":{\"@id\":\"https:\\\/\\\/cajochy.com\\\/#organization\"},\"potentialAction\":[{\"@type\":\"SearchAction\",\"target\":{\"@type\":\"EntryPoint\",\"urlTemplate\":\"https:\\\/\\\/cajochy.com\\\/?s={search_term_string}\"},\"query-input\":{\"@type\":\"PropertyValueSpecification\",\"valueRequired\":true,\"valueName\":\"search_term_string\"}}],\"inLanguage\":\"cs\"},{\"@type\":\"Organization\",\"@id\":\"https:\\\/\\\/cajochy.com\\\/#organization\",\"name\":\"Cajochy\",\"url\":\"https:\\\/\\\/cajochy.com\\\/\",\"logo\":{\"@type\":\"ImageObject\",\"inLanguage\":\"cs\",\"@id\":\"https:\\\/\\\/cajochy.com\\\/#\\\/schema\\\/logo\\\/image\\\/\",\"url\":\"https:\\\/\\\/cajochy.com\\\/wp-content\\\/uploads\\\/2020\\\/09\\\/cropped-cajochy-image-logo-icon.jpg\",\"contentUrl\":\"https:\\\/\\\/cajochy.com\\\/wp-content\\\/uploads\\\/2020\\\/09\\\/cropped-cajochy-image-logo-icon.jpg\",\"width\":512,\"height\":512,\"caption\":\"Cajochy\"},\"image\":{\"@id\":\"https:\\\/\\\/cajochy.com\\\/#\\\/schema\\\/logo\\\/image\\\/\"}},{\"@type\":\"Person\",\"@id\":\"https:\\\/\\\/cajochy.com\\\/#\\\/schema\\\/person\\\/8514995bf52bc70b213fac44bc1cf376\",\"name\":\"Carol\",\"description\":\"Focusing on hair care myths and common misconceptions about wigs. Your hair can be better with a little effort.\",\"url\":\"https:\\\/\\\/cajochy.com\\\/cs\\\/author\\\/lectjacobrobinson\\\/\"}]}<\/script>\n<!-- \/ Yoast SEO plugin. -->","yoast_head_json":{"title":"No\u0161en\u00ed paruky m\u016f\u017ee zp\u016fsobit vypad\u00e1v\u00e1n\u00ed vlas\u016f \u2013 pravda nebo ne","description":"Pokud se ob\u00e1v\u00e1te, zda no\u0161en\u00ed paruky nezp\u016fsobuje vypad\u00e1v\u00e1n\u00ed vlas\u016f, m\u016f\u017eete si p\u0159e\u010d\u00edst tento \u010dl\u00e1nek a z\u00edskat podrobn\u00e9 anal\u00fdzy. Zde jsou u\u017eite\u010dn\u00e9 tipy a triky, jak m\u00edt pod parukami zdrav\u00e9 vlasy.","robots":{"index":"index","follow":"follow","max-snippet":"max-snippet:-1","max-image-preview":"max-image-preview:large","max-video-preview":"max-video-preview:-1"},"canonical":"https:\/\/cajochy.com\/cs\/wear-a-wig-cause-har-loss\/","og_locale":"cs_CZ","og_type":"article","og_title":"Wear a Wig Can Cause Hair Loss \u2013 True or False","og_description":"If you are worry whether wearing a wig cause hair loss, you can check this article to get the detailed analyzations. Here\u2019re useful tips and tricks to make your hair healthy under wigs.","og_url":"https:\/\/cajochy.com\/cs\/wear-a-wig-cause-har-loss\/","og_site_name":"Cajochy","article_published_time":"2020-08-28T07:25:13+00:00","og_image":[{"width":880,"height":532,"url":"https:\/\/cajochy.com\/wp-content\/uploads\/2020\/08\/wear-a-wig-cause-hair-loss-e1598598745174.jpg","type":"image\/jpeg"}],"author":"Carol","twitter_card":"summary_large_image","twitter_misc":{"Napsal(a)":"Carol","Odhadovan\u00e1 doba \u010dten\u00ed":"3 minuty"},"schema":{"@context":"https:\/\/schema.org","@graph":[{"@type":"Article","@id":"https:\/\/cajochy.com\/wear-a-wig-cause-har-loss\/#article","isPartOf":{"@id":"https:\/\/cajochy.com\/wear-a-wig-cause-har-loss\/"},"author":{"name":"Carol","@id":"https:\/\/cajochy.com\/#\/schema\/person\/8514995bf52bc70b213fac44bc1cf376"},"headline":"You can Keep Your Hair Healthy While Wearing a Wig, Just Follow This","datePublished":"2020-08-28T07:25:13+00:00","mainEntityOfPage":{"@id":"https:\/\/cajochy.com\/wear-a-wig-cause-har-loss\/"},"wordCount":630,"commentCount":1,"publisher":{"@id":"https:\/\/cajochy.com\/#organization"},"image":{"@id":"https:\/\/cajochy.com\/wear-a-wig-cause-har-loss\/#primaryimage"},"thumbnailUrl":"https:\/\/i0.wp.com\/cajochy.com\/wp-content\/uploads\/2020\/08\/wear-a-wig-cause-hair-loss-e1598598745174.jpg?fit=880%2C532&ssl=1","articleSection":["Hair Health"],"inLanguage":"cs","potentialAction":[{"@type":"CommentAction","name":"Comment","target":["https:\/\/cajochy.com\/wear-a-wig-cause-har-loss\/#respond"]}]},{"@type":"WebPage","@id":"https:\/\/cajochy.com\/wear-a-wig-cause-har-loss\/","url":"https:\/\/cajochy.com\/wear-a-wig-cause-har-loss\/","name":"No\u0161en\u00ed paruky m\u016f\u017ee zp\u016fsobit vypad\u00e1v\u00e1n\u00ed vlas\u016f \u2013 pravda nebo ne","isPartOf":{"@id":"https:\/\/cajochy.com\/#website"},"primaryImageOfPage":{"@id":"https:\/\/cajochy.com\/wear-a-wig-cause-har-loss\/#primaryimage"},"image":{"@id":"https:\/\/cajochy.com\/wear-a-wig-cause-har-loss\/#primaryimage"},"thumbnailUrl":"https:\/\/i0.wp.com\/cajochy.com\/wp-content\/uploads\/2020\/08\/wear-a-wig-cause-hair-loss-e1598598745174.jpg?fit=880%2C532&ssl=1","datePublished":"2020-08-28T07:25:13+00:00","description":"Pokud se ob\u00e1v\u00e1te, zda no\u0161en\u00ed paruky nezp\u016fsobuje vypad\u00e1v\u00e1n\u00ed vlas\u016f, m\u016f\u017eete si p\u0159e\u010d\u00edst tento \u010dl\u00e1nek a z\u00edskat podrobn\u00e9 anal\u00fdzy. Zde jsou u\u017eite\u010dn\u00e9 tipy a triky, jak m\u00edt pod parukami zdrav\u00e9 vlasy.","breadcrumb":{"@id":"https:\/\/cajochy.com\/wear-a-wig-cause-har-loss\/#breadcrumb"},"inLanguage":"cs","potentialAction":[{"@type":"ReadAction","target":["https:\/\/cajochy.com\/wear-a-wig-cause-har-loss\/"]}]},{"@type":"ImageObject","inLanguage":"cs","@id":"https:\/\/cajochy.com\/wear-a-wig-cause-har-loss\/#primaryimage","url":"https:\/\/i0.wp.com\/cajochy.com\/wp-content\/uploads\/2020\/08\/wear-a-wig-cause-hair-loss-e1598598745174.jpg?fit=880%2C532&ssl=1","contentUrl":"https:\/\/i0.wp.com\/cajochy.com\/wp-content\/uploads\/2020\/08\/wear-a-wig-cause-hair-loss-e1598598745174.jpg?fit=880%2C532&ssl=1","width":880,"height":532,"caption":"wear a wig will not cause hair loss"},{"@type":"BreadcrumbList","@id":"https:\/\/cajochy.com\/wear-a-wig-cause-har-loss\/#breadcrumb","itemListElement":[{"@type":"ListItem","position":1,"name":"Home","item":"https:\/\/cajochy.com\/"},{"@type":"ListItem","position":2,"name":"You can Keep Your Hair Healthy While Wearing a Wig, Just Follow This"}]},{"@type":"WebSite","@id":"https:\/\/cajochy.com\/#website","url":"https:\/\/cajochy.com\/","name":"Cajochy","description":"Sni\u017ete vypad\u00e1v\u00e1n\u00ed vlas\u016f a obnovte jejich r\u016fst pomoc\u00ed trik\u016f bez chemik\u00e1li\u00ed","publisher":{"@id":"https:\/\/cajochy.com\/#organization"},"potentialAction":[{"@type":"SearchAction","target":{"@type":"EntryPoint","urlTemplate":"https:\/\/cajochy.com\/?s={search_term_string}"},"query-input":{"@type":"PropertyValueSpecification","valueRequired":true,"valueName":"search_term_string"}}],"inLanguage":"cs"},{"@type":"Organization","@id":"https:\/\/cajochy.com\/#organization","name":"Cajochy","url":"https:\/\/cajochy.com\/","logo":{"@type":"ImageObject","inLanguage":"cs","@id":"https:\/\/cajochy.com\/#\/schema\/logo\/image\/","url":"https:\/\/cajochy.com\/wp-content\/uploads\/2020\/09\/cropped-cajochy-image-logo-icon.jpg","contentUrl":"https:\/\/cajochy.com\/wp-content\/uploads\/2020\/09\/cropped-cajochy-image-logo-icon.jpg","width":512,"height":512,"caption":"Cajochy"},"image":{"@id":"https:\/\/cajochy.com\/#\/schema\/logo\/image\/"}},{"@type":"Person","@id":"https:\/\/cajochy.com\/#\/schema\/person\/8514995bf52bc70b213fac44bc1cf376","name":"Koleda","description":"Zam\u011b\u0159en\u00ed na m\u00fdty o p\u00e9\u010di o vlasy a b\u011b\u017en\u00e9 myln\u00e9 p\u0159edstavy o paruk\u00e1ch. S trochou snahy mohou b\u00fdt va\u0161e vlasy lep\u0161\u00ed.","url":"https:\/\/cajochy.com\/cs\/author\/lectjacobrobinson\/"}]}},"jetpack_featured_media_url":"https:\/\/i0.wp.com\/cajochy.com\/wp-content\/uploads\/2020\/08\/wear-a-wig-cause-hair-loss-e1598598745174.jpg?fit=880%2C532&ssl=1","jetpack_sharing_enabled":true,"_links":{"self":[{"href":"https:\/\/cajochy.com\/cs\/wp-json\/wp\/v2\/posts\/1057","targetHints":{"allow":["GET"]}}],"collection":[{"href":"https:\/\/cajochy.com\/cs\/wp-json\/wp\/v2\/posts"}],"about":[{"href":"https:\/\/cajochy.com\/cs\/wp-json\/wp\/v2\/types\/post"}],"author":[{"embeddable":true,"href":"https:\/\/cajochy.com\/cs\/wp-json\/wp\/v2\/users\/2"}],"replies":[{"embeddable":true,"href":"https:\/\/cajochy.com\/cs\/wp-json\/wp\/v2\/comments?post=1057"}],"version-history":[{"count":0,"href":"https:\/\/cajochy.com\/cs\/wp-json\/wp\/v2\/posts\/1057\/revisions"}],"wp:featuredmedia":[{"embeddable":true,"href":"https:\/\/cajochy.com\/cs\/wp-json\/wp\/v2\/media\/1058"}],"wp:attachment":[{"href":"https:\/\/cajochy.com\/cs\/wp-json\/wp\/v2\/media?parent=1057"}],"wp:term":[{"taxonomy":"category","embeddable":true,"href":"https:\/\/cajochy.com\/cs\/wp-json\/wp\/v2\/categories?post=1057"},{"taxonomy":"post_tag","embeddable":true,"href":"https:\/\/cajochy.com\/cs\/wp-json\/wp\/v2\/tags?post=1057"}],"curies":[{"name":"wp","href":"https:\/\/api.w.org\/{rel}","templated":true}]}}